{"id":502956,"date":"2025-10-16T10:29:15","date_gmt":"2025-10-16T10:29:15","guid":{"rendered":"https:\/\/www.europesays.com\/de\/502956\/"},"modified":"2025-10-16T10:29:15","modified_gmt":"2025-10-16T10:29:15","slug":"flughafen-sieben-lebende-schildkroeten-im-handgepaeck-erding","status":"publish","type":"post","link":"https:\/\/www.europesays.com\/de\/502956\/","title":{"rendered":"Flughafen: Sieben lebende Schildkr\u00f6ten im Handgep\u00e4ck &#8211; Erding"},"content":{"rendered":"<p data-manual=\"paragraph\" data-schema-org-speakable=\"true\" class=\"css-1eosz7k\">Keine sch\u00f6ne Reise hatten sieben tunesische Landschildkr\u00f6ten, welche der <a href=\"https:\/\/www.sueddeutsche.de\/thema\/Zoll\" target=\"_blank\" rel=\"noopener\">Zoll<\/a> am M\u00fcnchner Flughafen im Handgep\u00e4ck eines Passagiers entdeckt hat. Wie das Hauptzollamt M\u00fcnchen mitteilt, waren die Tiere in leeren Kunststoffboxen f\u00fcr Eiscreme versteckt.<\/p>\n<p data-manual=\"paragraph\" data-schema-org-speakable=\"true\" class=\"css-1eosz7k\">Die <a href=\"https:\/\/www.sueddeutsche.de\/thema\/Reptilien\" target=\"_blank\" rel=\"noopener\">Reptilien<\/a> waren ohne Nahrung und Wasser eingesperrt, teilweise mit Klebeband fixiert und in Alufolie eingewickelt. Tunesische Landschildkr\u00f6ten sind eine Unterart der Maurischen Landschildkr\u00f6te und unterliegen den Bestimmungen des Washingtoner <a href=\"https:\/\/www.sueddeutsche.de\/thema\/Artenschutz\" target=\"_blank\" rel=\"noopener\">Artenschutz<\/a>-\u00dcbereinkommens sowie der EU-Artenschutzverordnung und gelten als streng gesch\u00fctzte Tierart.<\/p>\n<p data-manual=\"paragraph\" data-schema-org-speakable=\"true\" class=\"css-1eosz7k\">\u201eDa keine artenschutzrechtlichen Dokumente vorgelegt werden konnten, wurde ein Strafverfahren eingeleitet\u201c, schreibt Thomas Meister, Pressesprecher des Hauptzollamts M\u00fcnchen. Die Tiere wurden beschlagnahmt und in die Reptilienauffangstation M\u00fcnchen gebracht, wo sie medizinisch versorgt und artgerecht untergebracht werden. Die weiteren Ermittlungen f\u00fchrt das Zollfahndungsamt M\u00fcnchen.<\/p>\n","protected":false},"excerpt":{"rendered":"Keine sch\u00f6ne Reise hatten sieben tunesische Landschildkr\u00f6ten, welche der Zoll am M\u00fcnchner Flughafen im Handgep\u00e4ck eines Passagiers entdeckt&hellip;\n","protected":false},"author":2,"featured_media":502957,"comment_status":"","ping_status":"","sticky":false,"template":"","format":"standard","meta":{"footnotes":""},"categories":[1827],"tags":[5252,772,29,39586,33017,10647,30,14643,24069,1268,2339,11336,33707,149,13708,615],"class_list":{"0":"post-502956","1":"post","2":"type-post","3":"status-publish","4":"format-standard","5":"has-post-thumbnail","7":"category-muenchen","8":"tag-artenschutz","9":"tag-bayern","10":"tag-deutschland","11":"tag-erding","12":"tag-finanzminister","13":"tag-flughafen-muenchen","14":"tag-germany","15":"tag-landkreis-erding","16":"tag-landkreis-freising","17":"tag-muenchen","18":"tag-oberbayern","19":"tag-polizei-und-feuerwehr-in-bayern","20":"tag-reptilien","21":"tag-sueddeutsche-zeitung","22":"tag-verkehr-in-bayern","23":"tag-zoll"},"share_on_mastodon":{"url":"https:\/\/pubeurope.com\/@de\/115383380527653707","error":""},"_links":{"self":[{"href":"https:\/\/www.europesays.com\/de\/wp-json\/wp\/v2\/posts\/502956","targetHints":{"allow":["GET"]}}],"collection":[{"href":"https:\/\/www.europesays.com\/de\/wp-json\/wp\/v2\/posts"}],"about":[{"href":"https:\/\/www.europesays.com\/de\/wp-json\/wp\/v2\/types\/post"}],"author":[{"embeddable":true,"href":"https:\/\/www.europesays.com\/de\/wp-json\/wp\/v2\/users\/2"}],"replies":[{"embeddable":true,"href":"https:\/\/www.europesays.com\/de\/wp-json\/wp\/v2\/comments?post=502956"}],"version-history":[{"count":0,"href":"https:\/\/www.europesays.com\/de\/wp-json\/wp\/v2\/posts\/502956\/revisions"}],"wp:featuredmedia":[{"embeddable":true,"href":"https:\/\/www.europesays.com\/de\/wp-json\/wp\/v2\/media\/502957"}],"wp:attachment":[{"href":"https:\/\/www.europesays.com\/de\/wp-json\/wp\/v2\/media?parent=502956"}],"wp:term":[{"taxonomy":"category","embeddable":true,"href":"https:\/\/www.europesays.com\/de\/wp-json\/wp\/v2\/categories?post=502956"},{"taxonomy":"post_tag","embeddable":true,"href":"https:\/\/www.europesays.com\/de\/wp-json\/wp\/v2\/tags?post=502956"}],"curies":[{"name":"wp","href":"https:\/\/api.w.org\/{rel}","templated":true}]}}