{"id":502958,"date":"2025-10-16T10:30:14","date_gmt":"2025-10-16T10:30:14","guid":{"rendered":"https:\/\/www.europesays.com\/de\/502958\/"},"modified":"2025-10-16T10:30:14","modified_gmt":"2025-10-16T10:30:14","slug":"spezialkran-im-hamburger-hafen-in-flammen","status":"publish","type":"post","link":"https:\/\/www.europesays.com\/de\/502958\/","title":{"rendered":"Spezialkran im Hamburger Hafen in Flammen"},"content":{"rendered":"<p class=\"is-first-paragraph\" data-external=\"Article.FirstParagraph\">Eine sogenannten Container-Br\u00fccke auf dem Container Terminal in Hamburg-Altenwerder steht in Flammen. Das Feuer am Ballinkai auf der s\u00fcdlichen Elbseite war gegen 9.50 Uhr gemeldet worden, sagte ein Sprecher der Hamburger Feuerwehr der Deutschen Presse-Agentur. Container-Br\u00fccken sind spezielle Kr\u00e4ne, mit denen Container zwischen Schiff und Kai umgeschlagen werden. Sechs Menschen seien durch einen Rettungsdienst untersucht worden &#8211; verletzt wurde niemand, so der Feuerwehr-Sprecher.<\/p>\n<p>Zun\u00e4chst hatten die L\u00f6schkr\u00e4fte demnach von der Wasserseite aus gel\u00f6scht. Aktuell werden die Flammen laut Sprecher von der Landseite aus bek\u00e4mpft. Die Arbeiten dauerten am Mittag an. Experten der Feuerwehr sind vor Ort, um zu \u00fcberpr\u00fcfen, ob m\u00f6glicherweise giftige Substanzen austreten.<\/p>\n","protected":false},"excerpt":{"rendered":"Eine sogenannten Container-Br\u00fccke auf dem Container Terminal in Hamburg-Altenwerder steht in Flammen. Das Feuer am Ballinkai auf der&hellip;\n","protected":false},"author":2,"featured_media":502959,"comment_status":"","ping_status":"","sticky":false,"template":"","format":"standard","meta":{"footnotes":""},"categories":[1826],"tags":[29,30,692],"class_list":{"0":"post-502958","1":"post","2":"type-post","3":"status-publish","4":"format-standard","5":"has-post-thumbnail","7":"category-hamburg","8":"tag-deutschland","9":"tag-germany","10":"tag-hamburg"},"share_on_mastodon":{"url":"https:\/\/pubeurope.com\/@de\/115383384486903943","error":""},"_links":{"self":[{"href":"https:\/\/www.europesays.com\/de\/wp-json\/wp\/v2\/posts\/502958","targetHints":{"allow":["GET"]}}],"collection":[{"href":"https:\/\/www.europesays.com\/de\/wp-json\/wp\/v2\/posts"}],"about":[{"href":"https:\/\/www.europesays.com\/de\/wp-json\/wp\/v2\/types\/post"}],"author":[{"embeddable":true,"href":"https:\/\/www.europesays.com\/de\/wp-json\/wp\/v2\/users\/2"}],"replies":[{"embeddable":true,"href":"https:\/\/www.europesays.com\/de\/wp-json\/wp\/v2\/comments?post=502958"}],"version-history":[{"count":0,"href":"https:\/\/www.europesays.com\/de\/wp-json\/wp\/v2\/posts\/502958\/revisions"}],"wp:featuredmedia":[{"embeddable":true,"href":"https:\/\/www.europesays.com\/de\/wp-json\/wp\/v2\/media\/502959"}],"wp:attachment":[{"href":"https:\/\/www.europesays.com\/de\/wp-json\/wp\/v2\/media?parent=502958"}],"wp:term":[{"taxonomy":"category","embeddable":true,"href":"https:\/\/www.europesays.com\/de\/wp-json\/wp\/v2\/categories?post=502958"},{"taxonomy":"post_tag","embeddable":true,"href":"https:\/\/www.europesays.com\/de\/wp-json\/wp\/v2\/tags?post=502958"}],"curies":[{"name":"wp","href":"https:\/\/api.w.org\/{rel}","templated":true}]}}