{"id":502960,"date":"2025-10-16T10:31:12","date_gmt":"2025-10-16T10:31:12","guid":{"rendered":"https:\/\/www.europesays.com\/de\/502960\/"},"modified":"2025-10-16T10:31:12","modified_gmt":"2025-10-16T10:31:12","slug":"brand-auf-containerbruecke-im-hamburger-hafen","status":"publish","type":"post","link":"https:\/\/www.europesays.com\/de\/502960\/","title":{"rendered":"Brand auf Containerbr\u00fccke im Hamburger Hafen"},"content":{"rendered":"<p>        <img decoding=\"async\" src=\"https:\/\/www.europesays.com\/de\/wp-content\/uploads\/2025\/10\/screenshot-63644.webp\" alt=\"Auf dem Containerterminal Altenwerder in Hamburg brennt es auf einem Hafenkran.\" title=\"Auf dem Containerterminal Altenwerder in Hamburg brennt es auf einem Hafenkran. | Screenshot\" class=\"responsive\"\/><\/p>\n<p>AUDIO: Containerbr\u00fccke im Hamburger Hafen brennt (1 Min)<\/p>\n<p>\n            Stand: 16.10.2025 12:15 Uhr<\/p>\n<p class=\"preface\">Im Hamburger Hafen hat es am Donnerstag einen komplizierten Einsatz f\u00fcr die Hamburger Feuerwehr gegeben: Auf dem Terminal Altenwerder brannte eine Containerbr\u00fccke.<\/p>\n<p class=\"\">Nach Angaben der Feuerwehr brach der Brand in etwa 25 Metern H\u00f6he aus. Von dort konnten sich sechs Arbeiter retten. Sie wurden kurz darauf von einem Notarzt untersucht &#8211; keiner von ihnen wurde verletzt.<\/p>\n<p>    L\u00f6schboot und H\u00f6henretter im Einsatz<\/p>\n<p class=\"\">Zun\u00e4chst versuchte ein gro\u00dfes L\u00f6schboot vom Wasser aus, die Flammen zu l\u00f6schen. Dann kamen die H\u00f6henretter der Feuerwehr zum Einsatz, auch die mit 70 Metern h\u00f6chste Drehleiter wurde angefordert.<\/p>\n<p>    Brandursache noch unklar<\/p>\n<p class=\"\">Nach NDR Informationen fanden an der Containerbr\u00fccke zum Ungl\u00fcckszeitpunkt Schwei\u00dfarbeiten statt. Wodurch das Feuer ausbrach, ist aber noch unklar.<\/p>\n<p>Dieses Thema im Programm:<\/p>\n<p>                NDR 90,3 | NDR 90,3 Aktuell | 16.10.2025 | 12:00 Uhr<\/p>\n","protected":false},"excerpt":{"rendered":"AUDIO: Containerbr\u00fccke im Hamburger Hafen brennt (1 Min) Stand: 16.10.2025 12:15 Uhr Im Hamburger Hafen hat es am&hellip;\n","protected":false},"author":2,"featured_media":502961,"comment_status":"","ping_status":"","sticky":false,"template":"","format":"standard","meta":{"footnotes":""},"categories":[1826],"tags":[29,30,692,1989],"class_list":{"0":"post-502960","1":"post","2":"type-post","3":"status-publish","4":"format-standard","5":"has-post-thumbnail","7":"category-hamburg","8":"tag-deutschland","9":"tag-germany","10":"tag-hamburg","11":"tag-hamburger-hafen"},"share_on_mastodon":{"url":"https:\/\/pubeurope.com\/@de\/115383388847377898","error":""},"_links":{"self":[{"href":"https:\/\/www.europesays.com\/de\/wp-json\/wp\/v2\/posts\/502960","targetHints":{"allow":["GET"]}}],"collection":[{"href":"https:\/\/www.europesays.com\/de\/wp-json\/wp\/v2\/posts"}],"about":[{"href":"https:\/\/www.europesays.com\/de\/wp-json\/wp\/v2\/types\/post"}],"author":[{"embeddable":true,"href":"https:\/\/www.europesays.com\/de\/wp-json\/wp\/v2\/users\/2"}],"replies":[{"embeddable":true,"href":"https:\/\/www.europesays.com\/de\/wp-json\/wp\/v2\/comments?post=502960"}],"version-history":[{"count":0,"href":"https:\/\/www.europesays.com\/de\/wp-json\/wp\/v2\/posts\/502960\/revisions"}],"wp:featuredmedia":[{"embeddable":true,"href":"https:\/\/www.europesays.com\/de\/wp-json\/wp\/v2\/media\/502961"}],"wp:attachment":[{"href":"https:\/\/www.europesays.com\/de\/wp-json\/wp\/v2\/media?parent=502960"}],"wp:term":[{"taxonomy":"category","embeddable":true,"href":"https:\/\/www.europesays.com\/de\/wp-json\/wp\/v2\/categories?post=502960"},{"taxonomy":"post_tag","embeddable":true,"href":"https:\/\/www.europesays.com\/de\/wp-json\/wp\/v2\/tags?post=502960"}],"curies":[{"name":"wp","href":"https:\/\/api.w.org\/{rel}","templated":true}]}}