{"id":502977,"date":"2025-10-16T10:40:12","date_gmt":"2025-10-16T10:40:12","guid":{"rendered":"https:\/\/www.europesays.com\/de\/502977\/"},"modified":"2025-10-16T10:40:12","modified_gmt":"2025-10-16T10:40:12","slug":"was-das-gastland-tschechien-bis-zur-buchmesse-2026-vorhat","status":"publish","type":"post","link":"https:\/\/www.europesays.com\/de\/502977\/","title":{"rendered":"Was das Gastland Tschechien bis zur Buchmesse 2026 vorhat"},"content":{"rendered":"<p class=\"is-first-paragraph\" data-external=\"Article.FirstParagraph\">Unter dem Motto \u00abTschechien &#8211; Ein Land an der K\u00fcste\u00bb will sich das europ\u00e4ische Land im kommenden Jahr als Gastland auf der Frankfurter Buchmesse pr\u00e4sentieren. Das Motto mag im ersten Moment \u00fcberraschend klingen f\u00fcr ein Land mit Binnenlage, erkl\u00e4rte Juergen Boos, Direktor der Buchmesse laut Mitteilung. \u00abEs ist angelehnt an die Formulierung aus einem Werk Shakespeares: &#8222;B\u00f6hmen am Meer&#8220; \u2013 ein poetisches Bild f\u00fcr Sehnsucht, Offenheit und neue Horizonte.\u00bb<\/p>\n<p>Tschechien wird nach Angaben der Organisatoren im n\u00e4chsten Jahr mit etwa 80 Autorinnen und Autoren auf der Buchmesse vertreten sein. 2026 findet die weltgr\u00f6\u00dfte B\u00fccherschau vom 7. bis zum 11. Oktober statt.<\/p>\n<p>Jahr der tschechischen Kultur wird jetzt schon eingeleitet<\/p>\n<p>Es soll aber nicht erst im kommenden Jahr losgehen. Bereits jetzt, auf der Frankfurter Buchmesse 2025, werde das Jahr der tschechischen Kultur eingeleitet, sagte Programmdirektor Martin Krafl. So seien in diesen Tagen zahlreiche tschechische Schriftsteller und Schriftstellerinnen in Frankfurt wie etwa Bianca Bellov\u00e1, Viktorie Hani\u0161ov\u00e1 oder Michal Ajvaz, aber auch Comiczeichner Jind\u0159ich Jan\u00ed\u010dek oder die S\u00e4ngerin Anna Vaverkov\u00e1. \u00abSie alle werden uns einen ersten Einblick in die Vielfalt der tschechischen Literatur- und Kulturwelt geben\u00bb, erkl\u00e4rte Krafl. Auch mit dem aktuellen Gastland, den Philippinen gebe es einen Austausch.<\/p>\n<p>Beim folgenden Jahr der tschechischen Kultur sollen die Beziehungen zu Deutschland, \u00d6sterreich und der Schweiz vertieft werden, hie\u00df es. Etwa bei Literaturfestivals und anderen Veranstaltungen &#8211; wie den Tschechisch-Deutschen Kulturtage 2025 in Dresden, der \u00abBuch Wien\u00bb oder der Leipziger Buchmesse.<\/p>\n","protected":false},"excerpt":{"rendered":"Unter dem Motto \u00abTschechien &#8211; Ein Land an der K\u00fcste\u00bb will sich das europ\u00e4ische Land im kommenden Jahr&hellip;\n","protected":false},"author":2,"featured_media":502978,"comment_status":"","ping_status":"","sticky":false,"template":"","format":"standard","meta":{"footnotes":""},"categories":[1774],"tags":[1784,1785,29,214,30,215],"class_list":{"0":"post-502977","1":"post","2":"type-post","3":"status-publish","4":"format-standard","5":"has-post-thumbnail","7":"category-buecher","8":"tag-books","9":"tag-buecher","10":"tag-deutschland","11":"tag-entertainment","12":"tag-germany","13":"tag-unterhaltung"},"share_on_mastodon":{"url":"https:\/\/pubeurope.com\/@de\/115383423936508505","error":""},"_links":{"self":[{"href":"https:\/\/www.europesays.com\/de\/wp-json\/wp\/v2\/posts\/502977","targetHints":{"allow":["GET"]}}],"collection":[{"href":"https:\/\/www.europesays.com\/de\/wp-json\/wp\/v2\/posts"}],"about":[{"href":"https:\/\/www.europesays.com\/de\/wp-json\/wp\/v2\/types\/post"}],"author":[{"embeddable":true,"href":"https:\/\/www.europesays.com\/de\/wp-json\/wp\/v2\/users\/2"}],"replies":[{"embeddable":true,"href":"https:\/\/www.europesays.com\/de\/wp-json\/wp\/v2\/comments?post=502977"}],"version-history":[{"count":0,"href":"https:\/\/www.europesays.com\/de\/wp-json\/wp\/v2\/posts\/502977\/revisions"}],"wp:featuredmedia":[{"embeddable":true,"href":"https:\/\/www.europesays.com\/de\/wp-json\/wp\/v2\/media\/502978"}],"wp:attachment":[{"href":"https:\/\/www.europesays.com\/de\/wp-json\/wp\/v2\/media?parent=502977"}],"wp:term":[{"taxonomy":"category","embeddable":true,"href":"https:\/\/www.europesays.com\/de\/wp-json\/wp\/v2\/categories?post=502977"},{"taxonomy":"post_tag","embeddable":true,"href":"https:\/\/www.europesays.com\/de\/wp-json\/wp\/v2\/tags?post=502977"}],"curies":[{"name":"wp","href":"https:\/\/api.w.org\/{rel}","templated":true}]}}