{"id":502996,"date":"2025-10-16T10:50:11","date_gmt":"2025-10-16T10:50:11","guid":{"rendered":"https:\/\/www.europesays.com\/de\/502996\/"},"modified":"2025-10-16T10:50:11","modified_gmt":"2025-10-16T10:50:11","slug":"migration-banaszak-kritisiert-merz-aussagen-zu-stadtbild-als-respektlos","status":"publish","type":"post","link":"https:\/\/www.europesays.com\/de\/502996\/","title":{"rendered":"Migration: Banaszak kritisiert Merz-Aussagen zu Stadtbild als &#8222;respektlos&#8220;"},"content":{"rendered":"<p class=\"paragraph article__item\">Gr\u00fcnen-Chef Felix Banaszak hat deutliche Kritik an Bundeskanzler <a class=\"rtr-entity\" href=\"https:\/\/www.zeit.de\/thema\/friedrich-merz\" target=\"_blank\" rel=\"noopener\">Friedrich Merz&#8216;<\/a> &#8222;Stadtbild&#8220;-Aussage ge\u00e4u\u00dfert. Von einem solchen auf die Notwendigkeit weiterer Abschiebungen zu schlie\u00dfen sei respektlos, fatal und &#8222;eines Kanzlers unw\u00fcrdig&#8220;, sagte Banaszak. Merz verletze damit Millionen Deutsche mit Migrationsgeschichte, die sich nun fragten, ob sie &#8222;wirklich dazugeh\u00f6ren \u2013 selbst wenn sie hier geboren sind, hier leben, hier arbeiten, hier Steuern zahlen.&#8220;. Er forderte eine Entschuldigung von dem CDU-Politiker.\n<\/p>\n<p class=\"paragraph article__item\">Am Dienstag hatte Merz bei einem Pressetermin in Potsdam \u00fcber die Migrationspolitik der Regierung gesprochen. Man korrigiere dort fr\u00fchere Vers\u00e4umnisse und habe etwa die entsprechenden Zahlen im August 2025 im Vergleich zum Vorjahr um 60 Prozent reduziert. &#8222;Aber wir haben nat\u00fcrlich immer im Stadtbild noch dieses Problem, und deswegen ist der Bundesinnenminister ja auch dabei, jetzt in sehr gro\u00dfem Umfang auch R\u00fcckf\u00fchrungen zu erm\u00f6glichen und durchzuf\u00fchren&#8220;, f\u00fcgte Merz daraufhin hinzu.\n<\/p>\n<p>        Regierung schiebt vermehrt nach Afghanistan ab        <\/p>\n<p class=\"paragraph article__item\">Regierungssprecher Stefan Kornelius war indes bem\u00fcht, die Aussagen des Kanzlers einzuordnen. &#8222;Ich glaube, sie interpretieren da zu viel hinein&#8220;, sagte er bereits am Mittwoch. Merz habe sich zu dem neuen Kurs der Bundesregierung in der Migrationspolitik ge\u00e4u\u00dfert. Dabei habe er als Parteivorsitzender parteipolitisch geantwortet.\u00a0\n<\/p>\n<p class=\"paragraph article__item\">Der CDU-Politiker habe immer klargemacht, dass es sich bei der Migrationspolitik in seinen Augen nicht um Ausgrenzung handeln d\u00fcrfe, sondern um eine einheitlich geregelte Zuwanderung, sagte Kornelius.\u00a0\n<\/p>\n<p class=\"paragraph article__item\">Die Bundesregierung schiebt vermehrt und regelm\u00e4\u00dfig Menschen ab, <a href=\"https:\/\/www.zeit.de\/politik\/deutschland\/2025-04\/asylpolitik-union-thorsten-frei-abschiebefluege-syrien-afghanistan\" class=\"\" target=\"_blank\" rel=\"noopener\">auch nach Afghanistan und<\/a> <a href=\"https:\/\/www.zeit.de\/politik\/deutschland\/2025-10\/un-fluechtlingshilfswerks-syrien-deutschland-abschiebungen\" class=\"\" target=\"_blank\" rel=\"noopener\">Syrien<\/a>. Dazu plante das Bundesinnenministerium Ende September erstmals <a href=\"https:\/\/www.zeit.de\/politik\/deutschland\/2025-09\/afghanistan-taliban-deutschland-bundesinnenministerium-dobrindt\" class=\"\" target=\"_blank\" rel=\"noopener\">direkte Gespr\u00e4che mit der Taliban-Regierung<\/a> in Afghanistan.\n<\/p>\n<p>            Deutsche Asylpolitik        <\/p>\n<p>Mehr zum Thema<\/p>\n<p>                <a href=\"https:\/\/www.zeit.de\/kultur\/film\/2025-10\/kein-land-fuer-niemand-doku-migration-abschottung\" data-ct-label=\"&quot;Kein Land f\u00fcr Niemand&quot;: Es ist gekippt\" target=\"_blank\" rel=\"noopener\"><\/p>\n<p>        Z+ (abopflichtiger Inhalt);<\/p>\n<p>    &#8222;Kein Land f\u00fcr Niemand&#8220;:<br \/>\n                        Es ist gekippt<\/p>\n<p>                <\/a><\/p>\n<p>                <a href=\"https:\/\/www.zeit.de\/gesellschaft\/2025-10\/armut-risiko-gefluechtete-migration-diw-studie-gxe\" data-ct-label=\"Armutsrisiko: Fast zwei Drittel der Gefl\u00fcchteten in Deutschland sind armutsgef\u00e4hrdet\" target=\"_blank\" rel=\"noopener\"><\/p>\n<p>                        Armutsrisiko:<br \/>\n                        Fast zwei Drittel der Gefl\u00fcchteten in Deutschland sind armutsgef\u00e4hrdet<\/p>\n<p>                <\/a><\/p>\n","protected":false},"excerpt":{"rendered":"Gr\u00fcnen-Chef Felix Banaszak hat deutliche Kritik an Bundeskanzler Friedrich Merz&#8216; &#8222;Stadtbild&#8220;-Aussage ge\u00e4u\u00dfert. Von einem solchen auf die Notwendigkeit&hellip;\n","protected":false},"author":2,"featured_media":502997,"comment_status":"","ping_status":"","sticky":false,"template":"","format":"standard","meta":{"footnotes":""},"categories":[2],"tags":[4249,414,21,29,45677,775,30,13,382,14,15,16,12,10,8,9,11],"class_list":{"0":"post-502996","1":"post","2":"type-post","3":"status-publish","4":"format-standard","5":"has-post-thumbnail","7":"category-deutschland","8":"tag-rassismus","9":"tag-abschiebung","10":"tag-buendnis-90-die-gruenen","11":"tag-deutschland","12":"tag-felix-banaszak","13":"tag-friedrich-merz","14":"tag-germany","15":"tag-headlines","16":"tag-migration","17":"tag-nachrichten","18":"tag-news","19":"tag-politik","20":"tag-schlagzeilen","21":"tag-top-news","22":"tag-top-meldungen","23":"tag-topmeldungen","24":"tag-topnews"},"share_on_mastodon":{"url":"https:\/\/pubeurope.com\/@de\/115383463612192584","error":""},"_links":{"self":[{"href":"https:\/\/www.europesays.com\/de\/wp-json\/wp\/v2\/posts\/502996","targetHints":{"allow":["GET"]}}],"collection":[{"href":"https:\/\/www.europesays.com\/de\/wp-json\/wp\/v2\/posts"}],"about":[{"href":"https:\/\/www.europesays.com\/de\/wp-json\/wp\/v2\/types\/post"}],"author":[{"embeddable":true,"href":"https:\/\/www.europesays.com\/de\/wp-json\/wp\/v2\/users\/2"}],"replies":[{"embeddable":true,"href":"https:\/\/www.europesays.com\/de\/wp-json\/wp\/v2\/comments?post=502996"}],"version-history":[{"count":0,"href":"https:\/\/www.europesays.com\/de\/wp-json\/wp\/v2\/posts\/502996\/revisions"}],"wp:featuredmedia":[{"embeddable":true,"href":"https:\/\/www.europesays.com\/de\/wp-json\/wp\/v2\/media\/502997"}],"wp:attachment":[{"href":"https:\/\/www.europesays.com\/de\/wp-json\/wp\/v2\/media?parent=502996"}],"wp:term":[{"taxonomy":"category","embeddable":true,"href":"https:\/\/www.europesays.com\/de\/wp-json\/wp\/v2\/categories?post=502996"},{"taxonomy":"post_tag","embeddable":true,"href":"https:\/\/www.europesays.com\/de\/wp-json\/wp\/v2\/tags?post=502996"}],"curies":[{"name":"wp","href":"https:\/\/api.w.org\/{rel}","templated":true}]}}