{"id":503005,"date":"2025-10-16T10:55:19","date_gmt":"2025-10-16T10:55:19","guid":{"rendered":"https:\/\/www.europesays.com\/de\/503005\/"},"modified":"2025-10-16T10:55:19","modified_gmt":"2025-10-16T10:55:19","slug":"zentrum-fuer-politische-schoenheit-provoziert-in-chemnitz","status":"publish","type":"post","link":"https:\/\/www.europesays.com\/de\/503005\/","title":{"rendered":"\u201eZentrum f\u00fcr Politische Sch\u00f6nheit\u201c provoziert in Chemnitz"},"content":{"rendered":"<p>\t\t\tN\u00e4chtliche Protestaktion vor dem Polizeipr\u00e4sidium: \u201eZentrum f\u00fcr Politische Sch\u00f6nheit\u201c provoziert in Chemnitz<br \/>\n\t\t\t\t\t\t\t\t\t\t\t\t<b>Protestaktion<\/b> Linke Aktivistengruppe konfrontiert \u00fcber Nacht Polizei mit brisanter Aktion in Chemnitz. Das Plakat zeigt eine Karikatur mit Vorw\u00fcrfen an die Polizei Sachsen. Es als Reaktion auf die Beschlagnahmung des \u201eAdenauer-SRP+\u201c-Busses interpretiert.<\/p>\n<p>Von der  Redaktion<\/p>\n<p>\t\t\t\t16.10.2025, 11:02 Uhr<\/p>\n<p>\t\t\t\t<a id=\"whatsapp_channel_link\" href=\"https:\/\/whatsapp.com\/channel\/0029Va6RBvnLY6dCNLfeAA0c\" data-ct=\"SHARE\/WHATSAPPKANAL\" rel=\"nofollow noopener\" target=\"_blank\"><br \/>\n\t\t\t\t\t<img decoding=\"async\" alt=\"Zum Blick WhatsApp Kanal\" src=\"https:\/\/www.blick.de\/img\/WhatsApp-Kanal.svg\"\/><br \/>\n\t\t\t\t<\/a><\/p>\n<ul class=\"gallery-items\">\n<li class=\"img gallery-item\">\n<p>\t\t\t\t\t\t\t\t\t\t\t\t\t\t\t\t\t\t\t\t\t\t\t\t\t\t\t\t\t\t\t\t\t\t\t\t\t\t\t\t\t\t\t\t\t\t<img decoding=\"async\" class=\"media-image \" loading=\"eager\" src=\"https:\/\/www.europesays.com\/de\/wp-content\/uploads\/2025\/10\/17425261_W400C1480x998o0x0.jpg\" alt=\"N\u00e4chtliche Protestaktion vor dem Polizeipr\u00e4sidium: \u201eZentrum f\u00fcr Politische Sch\u00f6nheit\u201c provoziert in Chemnitz - \u201eZentrum f\u00fcr Politische Sch\u00f6nheit\u201c provoziert mit Polizei-Protest in Chemnitz\"   style=\"&#10;&#9;&#9;&#9;aspect-ratio:1480\/998;&#10;&#9;&#9;&#9;background: url(data:image\/jpg;base64,\/9j\/4AAQSkZJRgABAQEAYABgAAD\/2wBDAAUDBAQEAwUEBAQFBQUGBwwIBwcHBw8LCwkMEQ8SEhEPERETFhwXExQaFRERGCEYGh0dHx8fExciJCIeJBweHx7\/2wBDAQUFBQcGBw4ICA4eFBEUHh4eHh4eHh4eHh4eHh4eHh4eHh4eHh4eHh4eHh4eHh4eHh4eHh4eHh4eHh4eHh4eHh7\/wAARCAAHAAoDASIAAhEBAxEB\/8QAFgABAQEAAAAAAAAAAAAAAAAAAAEF\/8QAIhAAAgEEAQQDAAAAAAAAAAAAAQMCAAQGEQcFEiExMkFD\/8QAFQEBAQAAAAAAAAAAAAAAAAAAAQL\/xAAZEQACAwEAAAAAAAAAAAAAAAAAAQIRMZH\/2gAMAwEAAhEDEQA\/AMrp+aYSbe0QnGlWtzJbTNklj82CBA1v5bJ39VLjlnj9dwyAxFTBGZHeUgGXn37pSlyrEuEn\/9k=) no-repeat left top; background-size: cover;&#9;&#9;&#9;height: 100%;&#9;&#9;\"\/><\/p>\n<p>\n\t\t\t\t\t\t\t\t\t\u201eZentrum f\u00fcr Politische Sch\u00f6nheit\u201c provoziert mit Polizei-Protest in Chemnitz Foto: Andreas Seidel\n\t\t\t\t\t\t\t\t<\/p>\n<\/li>\n<li class=\"img gallery-item\">\n<p>\t\t\t\t\t\t\t\t\t\t\t\t\t\t\t\t\t\t\t\t\t\t\t\t\t\t\t\t\t\t\t\t\t\t\t\t\t\t\t\t\t<img decoding=\"async\" class=\"media-image \" loading=\"lazy\" src=\"https:\/\/www.europesays.com\/de\/wp-content\/uploads\/2025\/10\/17425262_W400C1480x998o0x0.jpg\" alt=\"N\u00e4chtliche Protestaktion vor dem Polizeipr\u00e4sidium: \u201eZentrum f\u00fcr Politische Sch\u00f6nheit\u201c provoziert in Chemnitz - Chemnitz: Linke Aktivistengruppe konfrontiert Polizei mit brisanter Plakataktion\"   style=\"&#10;&#9;&#9;&#9;aspect-ratio:1480\/998;&#10;&#9;&#9;&#9;background: url(data:image\/jpg;base64,\/9j\/4AAQSkZJRgABAQEBLAEsAAD\/2wBDAAUDBAQEAwUEBAQFBQUGBwwIBwcHBw8LCwkMEQ8SEhEPERETFhwXExQaFRERGCEYGh0dHx8fExciJCIeJBweHx7\/2wBDAQUFBQcGBw4ICA4eFBEUHh4eHh4eHh4eHh4eHh4eHh4eHh4eHh4eHh4eHh4eHh4eHh4eHh4eHh4eHh4eHh4eHh7\/wAARCAAHAAoDAREAAhEBAxEB\/8QAFQABAQAAAAAAAAAAAAAAAAAABAX\/xAAiEAABAwMDBQAAAAAAAAAAAAABAgMRBAUGABIxEyEikaH\/xAAUAQEAAAAAAAAAAAAAAAAAAAAD\/8QAHBEAAgEFAQAAAAAAAAAAAAAAAAIhAxEiQVGh\/9oADAMBAAIRAxEAPwAN4z7GmKNpmltdMl7qgwpgHemDz4xztPydK70214Gist5JVTlOLO1LrqrcWytZUUARtkntAEetBhwSen\/\/2Q==) no-repeat left top; background-size: cover;&#9;&#9;&#9;height: 100%;&#9;&#9;\"\/><\/p>\n<p>\n\t\t\t\t\t\t\t\t\tChemnitz: Linke Aktivistengruppe konfrontiert Polizei mit brisanter Plakataktion Foto: Andreas Seidel\n\t\t\t\t\t\t\t\t<\/p>\n<\/li>\n<li class=\"img gallery-item\">\n<p>\t\t\t\t\t\t\t\t\t\t\t\t\t\t\t\t\t\t\t\t\t\t\t\t\t\t\t\t\t\t\t\t\t\t\t\t\t\t\t\t\t<img decoding=\"async\" class=\"media-image \" loading=\"lazy\" src=\"https:\/\/www.europesays.com\/de\/wp-content\/uploads\/2025\/10\/17425266_W400C1480x998o0x0.jpg\" alt=\"N\u00e4chtliche Protestaktion vor dem Polizeipr\u00e4sidium: \u201eZentrum f\u00fcr Politische Sch\u00f6nheit\u201c provoziert in Chemnitz - Im Stil eines Comics \u2013 betitelt mit \u201eRingo &amp; Tino \u2013 auf der \u00dcberholspur ganz rechts au\u00dfen\u201c \u2013 wird die Polizei mit rechtsextremen Akteuren in Verbindung gebracht.\"   style=\"&#10;&#9;&#9;&#9;aspect-ratio:1480\/998;&#10;&#9;&#9;&#9;background: url(data:image\/jpg;base64,\/9j\/4AAQSkZJRgABAQEBLAEsAAD\/2wBDAAUDBAQEAwUEBAQFBQUGBwwIBwcHBw8LCwkMEQ8SEhEPERETFhwXExQaFRERGCEYGh0dHx8fExciJCIeJBweHx7\/2wBDAQUFBQcGBw4ICA4eFBEUHh4eHh4eHh4eHh4eHh4eHh4eHh4eHh4eHh4eHh4eHh4eHh4eHh4eHh4eHh4eHh4eHh7\/wAARCAAHAAoDAREAAhEBAxEB\/8QAFQABAQAAAAAAAAAAAAAAAAAABAb\/xAAfEAACAgEEAwAAAAAAAAAAAAABAgMRBAAFBiESE4H\/xAAWAQEBAQAAAAAAAAAAAAAAAAAEAgP\/xAAeEQACAgEFAQAAAAAAAAAAAAABAgADEhEhMVFhof\/aAAwDAQACEQMRAD8ApNo52BgQjPSbcMtIhJlTyPXmSW7II7qq+aZVYorxLc+Q7q2eoH2DyuQO2TK0TKsZclR7XFCzXVagMOppvP\/Z) no-repeat left top; background-size: cover;&#9;&#9;&#9;height: 100%;&#9;&#9;\"\/><\/p>\n<p>\n\t\t\t\t\t\t\t\t\tIm Stil eines Comics \u2013 betitelt mit \u201eRingo &amp; Tino \u2013 auf der \u00dcberholspur ganz rechts au\u00dfen\u201c \u2013 wird die Polizei mit rechtsextremen Akteuren in Verbindung gebracht. Foto: Andreas Seidel\n\t\t\t\t\t\t\t\t<\/p>\n<\/li>\n<li class=\"img gallery-item\">\n<p>\t\t\t\t\t\t\t\t\t\t\t\t\t\t\t\t\t\t\t\t\t\t\t\t\t\t\t\t\t\t\t\t\t\t\t\t\t\t\t\t\t<img decoding=\"async\" class=\"media-image \" loading=\"lazy\" src=\"https:\/\/www.europesays.com\/de\/wp-content\/uploads\/2025\/10\/17425268_W400C1480x998o0x0.jpg\" alt=\"N\u00e4chtliche Protestaktion vor dem Polizeipr\u00e4sidium: \u201eZentrum f\u00fcr Politische Sch\u00f6nheit\u201c provoziert in Chemnitz - Polizei sichert Spuren und bewertet Aktion als Straftat.\"   style=\"&#10;&#9;&#9;&#9;aspect-ratio:1480\/998;&#10;&#9;&#9;&#9;background: url(data:image\/jpg;base64,\/9j\/4AAQSkZJRgABAQEAYABgAAD\/2wBDAAUDBAQEAwUEBAQFBQUGBwwIBwcHBw8LCwkMEQ8SEhEPERETFhwXExQaFRERGCEYGh0dHx8fExciJCIeJBweHx7\/2wBDAQUFBQcGBw4ICA4eFBEUHh4eHh4eHh4eHh4eHh4eHh4eHh4eHh4eHh4eHh4eHh4eHh4eHh4eHh4eHh4eHh4eHh7\/wAARCAAHAAoDASIAAhEBAxEB\/8QAFgABAQEAAAAAAAAAAAAAAAAAAAQG\/8QAIxAAAQMDAwUBAAAAAAAAAAAAAgEDBAAFEQYSQQcTITFRYf\/EABQBAQAAAAAAAAAAAAAAAAAAAAL\/xAAYEQEBAAMAAAAAAAAAAAAAAAABABESIf\/aAAwDAQACEQMRAD8AitHU7TUSezGTT0RtgFBGnAij3HEJoSySrnnf4+c5rC3mZOmXibLZJkGn5DjgCmU2oRKqJ6\/aUpLtxiGL\/9k=) no-repeat left top; background-size: cover;&#9;&#9;&#9;height: 100%;&#9;&#9;\"\/><\/p>\n<p>\n\t\t\t\t\t\t\t\t\tPolizei sichert Spuren und bewertet Aktion als Straftat. Foto: Andreas Seidel\n\t\t\t\t\t\t\t\t<\/p>\n<\/li>\n<li class=\"img gallery-item\">\n<p>\t\t\t\t\t\t\t\t\t\t\t\t\t\t\t\t\t\t\t\t\t\t\t\t\t\t\t\t\t\t\t\t\t\t\t\t\t\t\t\t\t<img decoding=\"async\" class=\"media-image \" loading=\"lazy\" src=\"https:\/\/www.europesays.com\/de\/wp-content\/uploads\/2025\/10\/17425270_W400C1480x998o0x0.jpg\" alt=\"N\u00e4chtliche Protestaktion vor dem Polizeipr\u00e4sidium: \u201eZentrum f\u00fcr Politische Sch\u00f6nheit\u201c provoziert in Chemnitz - Linke Aktivistengruppe konfrontiert \u00fcber Nacht Polizei mit brisanter Aktion in Chemnitz.\"   style=\"&#10;&#9;&#9;&#9;aspect-ratio:1480\/998;&#10;&#9;&#9;&#9;background: url(data:image\/jpg;base64,\/9j\/4AAQSkZJRgABAQEBLAEsAAD\/2wBDAAUDBAQEAwUEBAQFBQUGBwwIBwcHBw8LCwkMEQ8SEhEPERETFhwXExQaFRERGCEYGh0dHx8fExciJCIeJBweHx7\/2wBDAQUFBQcGBw4ICA4eFBEUHh4eHh4eHh4eHh4eHh4eHh4eHh4eHh4eHh4eHh4eHh4eHh4eHh4eHh4eHh4eHh4eHh7\/wAARCAAHAAoDAREAAhEBAxEB\/8QAFQABAQAAAAAAAAAAAAAAAAAABAX\/xAAgEAACAgAGAwAAAAAAAAAAAAABAgMEAAUGERMhIjGC\/8QAFQEBAQAAAAAAAAAAAAAAAAAAAgP\/xAAaEQACAgMAAAAAAAAAAAAAAAAAAQIREyFR\/9oADAMBAAIRAxEAPwAuYavrVs0geKtLBTEUTMykNsSeyQfZ62xWTWwKyoNWU5RypSkZX8gTCnYP1g5I8FTP\/9k=) no-repeat left top; background-size: cover;&#9;&#9;&#9;height: 100%;&#9;&#9;\"\/><\/p>\n<p>\n\t\t\t\t\t\t\t\t\tLinke Aktivistengruppe konfrontiert \u00fcber Nacht Polizei mit brisanter Aktion in Chemnitz. Foto: Andreas Seidel\n\t\t\t\t\t\t\t\t<\/p>\n<\/li>\n<li class=\"img gallery-item\">\n<p>\t\t\t\t\t\t\t\t\t\t\t\t\t\t\t\t\t\t\t\t\t\t\t\t\t\t\t\t\t\t\t\t\t\t\t\t\t\t\t\t\t<img decoding=\"async\" class=\"media-image \" loading=\"lazy\" src=\"https:\/\/www.europesays.com\/de\/wp-content\/uploads\/2025\/10\/17425272_W400C1480x998o0x0.jpg\" alt=\"N\u00e4chtliche Protestaktion vor dem Polizeipr\u00e4sidium: \u201eZentrum f\u00fcr Politische Sch\u00f6nheit\u201c provoziert in Chemnitz - Mitten in Chemnitz stellten sie einen Anh\u00e4nger auf dem Hartmannplatz, direkt gegen\u00fcber dem Polizeipr\u00e4sidium, ab.\"   style=\"&#10;&#9;&#9;&#9;aspect-ratio:1480\/998;&#10;&#9;&#9;&#9;background: url(data:image\/jpg;base64,\/9j\/4AAQSkZJRgABAQEAYABgAAD\/2wBDAAUDBAQEAwUEBAQFBQUGBwwIBwcHBw8LCwkMEQ8SEhEPERETFhwXExQaFRERGCEYGh0dHx8fExciJCIeJBweHx7\/2wBDAQUFBQcGBw4ICA4eFBEUHh4eHh4eHh4eHh4eHh4eHh4eHh4eHh4eHh4eHh4eHh4eHh4eHh4eHh4eHh4eHh4eHh7\/wAARCAAHAAoDASIAAhEBAxEB\/8QAFgABAQEAAAAAAAAAAAAAAAAAAAUH\/8QAIRAAAQIGAgMAAAAAAAAAAAAAAQQRAAIDBhIhBTFBcYH\/xAAVAQEBAAAAAAAAAAAAAAAAAAABAv\/EABcRAAMBAAAAAAAAAAAAAAAAAAABETH\/2gAMAwEAAhEDEQA\/AIljcyvWrEtRCmV1E6YjNqslEFpWAEwmyd2222L9xoA5q9AGFyK5QPBq5EfSN+4QiYlgw\/\/Z) no-repeat left top; background-size: cover;&#9;&#9;&#9;height: 100%;&#9;&#9;\"\/><\/p>\n<p>\n\t\t\t\t\t\t\t\t\tMitten in Chemnitz stellten sie einen Anh\u00e4nger auf dem Hartmannplatz, direkt gegen\u00fcber dem Polizeipr\u00e4sidium, ab. Foto: Andreas Seidel\n\t\t\t\t\t\t\t\t<\/p>\n<\/li>\n<\/ul>\n<p>1\/6<\/p>\n<p>\t\t\t\t\t\t\t\t\t\t\t\t\t\t\t\t\t\t\t\t\t\t\t\t\t\t\t\t\t\t<b class=\"ortsmarke\">Chemnitz.<\/b>\u00a0<\/p>\n<p>In der Nacht von Mittwoch auf Donnerstag sorgte die Aktivistengruppe \u201eZentrum f\u00fcr Politische Sch\u00f6nheit\u201c (ZPS) erneut f\u00fcr Aufsehen: Mitten in Chemnitz stellten sie einen Anh\u00e4nger auf dem <a href=\"https:\/\/www.blick.de\/thema\/ort\/hartmannplatz\" title=\"Hartmannplatz\" class=\"internal-article-link\" data-ct=\"ENTITY\/KEYWORD\/HARTMANNPLATZ\" rel=\"nofollow noopener\" target=\"_blank\">Hartmannplatz<\/a>, direkt gegen\u00fcber dem Polizeipr\u00e4sidium, ab. Daran befestigt war ein gro\u00dffl\u00e4chiges, satirisches Plakat.<\/p>\n<p>\t\t\t\t\t\t\t\t\t\t\t\t\t\t\t\t\t\tPlakat zeigt Karikatur mit Vorw\u00fcrfen an Polizei Sachsen<\/p>\n<p>Das Motiv auf dem Anh\u00e4nger zeigt eine Karikatur zweier Polizeibeamter auf einem Motorrad, mit der Aufschrift:<\/p>\n<p>\u201ePolizei Sachsen leaked Akten an Rechtsextreme!\u201c<\/p>\n<p>Im Stil eines Comics \u2013 betitelt mit \u201eRingo &amp; Tino \u2013 auf der \u00dcberholspur ganz rechts au\u00dfen\u201c \u2013 wird die <a href=\"https:\/\/www.blick.de\/thema\/organisation\/polizei\" title=\"Polizei\" class=\"internal-article-link\" data-ct=\"ENTITY\/ORGANISATION\/POLIZEI\" rel=\"nofollow noopener\" target=\"_blank\">Polizei<\/a> mit rechtsextremen Akteuren in Verbindung gebracht. Im Hintergrund ist unter anderem ein Ortsschild von Chemnitz und eine sarkastische Beschilderung \u201eEuropas 2025\u201c zu sehen.<\/p>\n<p>\t\t\t\t\t\t\t\t\t\t\t\t\t\t\t\t\t\tAktion als Reaktion auf Bus-Beschlagnahmung<\/p>\n<p>Die Aktion wird von <a href=\"https:\/\/www.blick.de\/chemnitz\/nach-stilllegung-und-abtransport-von-adenauer-bus-polizei-leitet-zahlreiche-ermittlungsverfahren-ein-artikel13983305\" rel=\"nofollow noopener\" target=\"_blank\">ZPS als Reaktion auf die Beschlagnahmung des \u201eAdenauer-SRP+\u201c-Busses interpretiert<\/a>, der wenige Tage zuvor durch die Polizei au\u00dfer Betrieb genommen worden war. BLICK.de berichtete dar\u00fcber.<\/p>\n<p>\t\t\t\t\t\t\t\t\t\t\t\t\t\t\t\t\t\tPolizei reagiert umgehend \u2013 Ermittlungen wegen Straftatverdacht<\/p>\n<p>Am fr\u00fchen Donnerstagmorgen sicherte die Polizei das Plakat und f\u00fchrte Spurensicherung durch. Das Plakat wurde kurz vor 10 Uhr entfernt. Die Aktion wird laut Polizeisprecher als Straftat eingestuft. Die Polizei Chemnitz gab Auskunft gegen\u00fcber der BLICK.de Redaktion, dass sie eine Anzeige wegen \u00fcbler Nachrede und Beleidigung erstattet haben. Die Ermittlungen laufen.<\/p>\n","protected":false},"excerpt":{"rendered":"N\u00e4chtliche Protestaktion vor dem Polizeipr\u00e4sidium: \u201eZentrum f\u00fcr Politische Sch\u00f6nheit\u201c provoziert in Chemnitz Protestaktion Linke Aktivistengruppe konfrontiert \u00fcber Nacht&hellip;\n","protected":false},"author":2,"featured_media":503006,"comment_status":"","ping_status":"","sticky":false,"template":"","format":"standard","meta":{"footnotes":""},"categories":[1851],"tags":[2770,3364,29,548,663,3934,30,13,17318,14,15,859,12],"class_list":{"0":"post-503005","1":"post","2":"type-post","3":"status-publish","4":"format-standard","5":"has-post-thumbnail","7":"category-chemnitz","8":"tag-chemnitz","9":"tag-de","10":"tag-deutschland","11":"tag-eu","12":"tag-europa","13":"tag-europe","14":"tag-germany","15":"tag-headlines","16":"tag-kriminalitaet-verstoesse","17":"tag-nachrichten","18":"tag-news","19":"tag-sachsen","20":"tag-schlagzeilen"},"share_on_mastodon":{"url":"https:\/\/pubeurope.com\/@de\/115383483176222633","error":""},"_links":{"self":[{"href":"https:\/\/www.europesays.com\/de\/wp-json\/wp\/v2\/posts\/503005","targetHints":{"allow":["GET"]}}],"collection":[{"href":"https:\/\/www.europesays.com\/de\/wp-json\/wp\/v2\/posts"}],"about":[{"href":"https:\/\/www.europesays.com\/de\/wp-json\/wp\/v2\/types\/post"}],"author":[{"embeddable":true,"href":"https:\/\/www.europesays.com\/de\/wp-json\/wp\/v2\/users\/2"}],"replies":[{"embeddable":true,"href":"https:\/\/www.europesays.com\/de\/wp-json\/wp\/v2\/comments?post=503005"}],"version-history":[{"count":0,"href":"https:\/\/www.europesays.com\/de\/wp-json\/wp\/v2\/posts\/503005\/revisions"}],"wp:featuredmedia":[{"embeddable":true,"href":"https:\/\/www.europesays.com\/de\/wp-json\/wp\/v2\/media\/503006"}],"wp:attachment":[{"href":"https:\/\/www.europesays.com\/de\/wp-json\/wp\/v2\/media?parent=503005"}],"wp:term":[{"taxonomy":"category","embeddable":true,"href":"https:\/\/www.europesays.com\/de\/wp-json\/wp\/v2\/categories?post=503005"},{"taxonomy":"post_tag","embeddable":true,"href":"https:\/\/www.europesays.com\/de\/wp-json\/wp\/v2\/tags?post=503005"}],"curies":[{"name":"wp","href":"https:\/\/api.w.org\/{rel}","templated":true}]}}