{"id":503008,"date":"2025-10-16T10:57:14","date_gmt":"2025-10-16T10:57:14","guid":{"rendered":"https:\/\/www.europesays.com\/de\/503008\/"},"modified":"2025-10-16T10:57:14","modified_gmt":"2025-10-16T10:57:14","slug":"14-jaehriger-soll-mit-papas-auto-nach-spanien-abgehauen-sein","status":"publish","type":"post","link":"https:\/\/www.europesays.com\/de\/503008\/","title":{"rendered":"14-J\u00e4hriger soll mit Papas Auto nach Spanien abgehauen sein"},"content":{"rendered":"<p class=\"text_ohne_einzug richtext text-em-55 !leading-serif mx-6 desktop:mx-0\">Die <a href=\"https:\/\/rp-online.de\/thema\/polizei\/\" target=\"_blank\" rel=\"noopener\">Polizei<\/a> M\u00f6nchengladbach hat die Fahndung nach einem 14-J\u00e4hrigen zur\u00fcckgenommen. Er hatte am Dienstag, 14.\u2005Oktober, sein Elternhaus verlassen und war seitdem mit dem Auto seines Vaters unterwegs gewesen, hie\u00df es von der Polizei: \u201eEs liegen Hinweise vor, dass er mit dem Auto auf dem Weg nach <a href=\"https:\/\/rp-online.de\/thema\/spanien\/\" target=\"_blank\" rel=\"noopener\">Spanien<\/a> ist.\u201c<\/p>\n<p class=\"richtext text-em-55 !leading-serif mx-6 desktop:mx-0\">Doch wie die Polizei am Donnerstagmittag, 16. Oktober, mitteilt, haben Beamte die blaue Mercedes E-Klasse in der Nacht gegen 0.30\u2005Uhr am Fahrbahnrand der Karlstra\u00dfe in M\u00f6nchengladbach geparkt gefunden \u2013 der 14-J\u00e4hrige befand sich im Wagen. Er wurde in die Obhut eines Erziehungsberechtigten gegeben und ist nun weiter Zuhause.<\/p>\n","protected":false},"excerpt":{"rendered":"Die Polizei M\u00f6nchengladbach hat die Fahndung nach einem 14-J\u00e4hrigen zur\u00fcckgenommen. Er hatte am Dienstag, 14.\u2005Oktober, sein Elternhaus verlassen&hellip;\n","protected":false},"author":2,"featured_media":503009,"comment_status":"","ping_status":"","sticky":false,"template":"","format":"standard","meta":{"footnotes":""},"categories":[1849],"tags":[110377,513,58480,3364,29,548,663,3934,125789,30,13,14996,8690,4455,14,15,1209,12,4026],"class_list":{"0":"post-503008","1":"post","2":"type-post","3":"status-publish","4":"format-standard","5":"has-post-thumbnail","7":"category-moenchengladbach","8":"tag-aufenthaltsort","9":"tag-auto","10":"tag-blaue","11":"tag-de","12":"tag-deutschland","13":"tag-eu","14":"tag-europa","15":"tag-europe","16":"tag-fahndet","17":"tag-germany","18":"tag-headlines","19":"tag-hinweise","20":"tag-maximilian","21":"tag-moenchengladbach","22":"tag-nachrichten","23":"tag-news","24":"tag-nordrhein-westfalen","25":"tag-schlagzeilen","26":"tag-spanien"},"share_on_mastodon":{"url":"https:\/\/pubeurope.com\/@de\/115383490660357185","error":""},"_links":{"self":[{"href":"https:\/\/www.europesays.com\/de\/wp-json\/wp\/v2\/posts\/503008","targetHints":{"allow":["GET"]}}],"collection":[{"href":"https:\/\/www.europesays.com\/de\/wp-json\/wp\/v2\/posts"}],"about":[{"href":"https:\/\/www.europesays.com\/de\/wp-json\/wp\/v2\/types\/post"}],"author":[{"embeddable":true,"href":"https:\/\/www.europesays.com\/de\/wp-json\/wp\/v2\/users\/2"}],"replies":[{"embeddable":true,"href":"https:\/\/www.europesays.com\/de\/wp-json\/wp\/v2\/comments?post=503008"}],"version-history":[{"count":0,"href":"https:\/\/www.europesays.com\/de\/wp-json\/wp\/v2\/posts\/503008\/revisions"}],"wp:featuredmedia":[{"embeddable":true,"href":"https:\/\/www.europesays.com\/de\/wp-json\/wp\/v2\/media\/503009"}],"wp:attachment":[{"href":"https:\/\/www.europesays.com\/de\/wp-json\/wp\/v2\/media?parent=503008"}],"wp:term":[{"taxonomy":"category","embeddable":true,"href":"https:\/\/www.europesays.com\/de\/wp-json\/wp\/v2\/categories?post=503008"},{"taxonomy":"post_tag","embeddable":true,"href":"https:\/\/www.europesays.com\/de\/wp-json\/wp\/v2\/tags?post=503008"}],"curies":[{"name":"wp","href":"https:\/\/api.w.org\/{rel}","templated":true}]}}