{"id":503015,"date":"2025-10-16T11:01:11","date_gmt":"2025-10-16T11:01:11","guid":{"rendered":"https:\/\/www.europesays.com\/de\/503015\/"},"modified":"2025-10-16T11:01:11","modified_gmt":"2025-10-16T11:01:11","slug":"kaefer-erledigt-kommode-brennt-feuerwehreinsatz-in-neckargemuend","status":"publish","type":"post","link":"https:\/\/www.europesays.com\/de\/503015\/","title":{"rendered":"K\u00e4fer erledigt, Kommode brennt: Feuerwehreinsatz in Neckargem\u00fcnd"},"content":{"rendered":"<p>Ein 20 Jahre alter Mann hat am Mittwoch in Neckargem\u00fcnd einen K\u00e4fer mit einem Feuerstrahl aus einem Deospray get\u00f6tet und so einen Feuerwehreinsatz ausgel\u00f6st. Der K\u00e4fer hatte sich auf einer Holzkommode in der Wohnung niedergelassen. Der 20-J\u00e4hrige hantierte dann mit Feuerzeug und Deospray und richtete die Stichflamme auf das Insekt. Das teilte die Polizei am Donnerstag mit. <\/p>\n<p>Mann z\u00fcndet versehentlich Kommode an<\/p>\n<p>Danach ging der Mann laut Polizei ins Badezimmer, um sich zu duschen. Erst danach bemerkte er starken Rauchgeruch. Der Grund: Mit seiner Feuer-Deospray-Aktion hatte er die Kommode in Brand gesteckt. Daraufhin versuchte er, das Feuer mit Wasser aus einer Gie\u00dfkanne zu l\u00f6schen. Doch erst der Feuerwehr gelang es schlie\u00dflich, die Flammen vollst\u00e4ndig zu l\u00f6schen. Der Polizei zufolge wurde durch den Brand auch die Tapete hinter der Kommode besch\u00e4digt. Es entstand ein Schaden von mehreren hundert Euro. Verletzt wurde niemand. <\/p>\n","protected":false},"excerpt":{"rendered":"Ein 20 Jahre alter Mann hat am Mittwoch in Neckargem\u00fcnd einen K\u00e4fer mit einem Feuerstrahl aus einem Deospray&hellip;\n","protected":false},"author":2,"featured_media":503016,"comment_status":"","ping_status":"","sticky":false,"template":"","format":"standard","meta":{"footnotes":""},"categories":[1845],"tags":[1634,3364,29,548,663,3934,30,13,2096,14,15,12],"class_list":{"0":"post-503015","1":"post","2":"type-post","3":"status-publish","4":"format-standard","5":"has-post-thumbnail","7":"category-mannheim","8":"tag-baden-wuerttemberg","9":"tag-de","10":"tag-deutschland","11":"tag-eu","12":"tag-europa","13":"tag-europe","14":"tag-germany","15":"tag-headlines","16":"tag-mannheim","17":"tag-nachrichten","18":"tag-news","19":"tag-schlagzeilen"},"share_on_mastodon":{"url":"https:\/\/pubeurope.com\/@de\/115383506423680402","error":""},"_links":{"self":[{"href":"https:\/\/www.europesays.com\/de\/wp-json\/wp\/v2\/posts\/503015","targetHints":{"allow":["GET"]}}],"collection":[{"href":"https:\/\/www.europesays.com\/de\/wp-json\/wp\/v2\/posts"}],"about":[{"href":"https:\/\/www.europesays.com\/de\/wp-json\/wp\/v2\/types\/post"}],"author":[{"embeddable":true,"href":"https:\/\/www.europesays.com\/de\/wp-json\/wp\/v2\/users\/2"}],"replies":[{"embeddable":true,"href":"https:\/\/www.europesays.com\/de\/wp-json\/wp\/v2\/comments?post=503015"}],"version-history":[{"count":0,"href":"https:\/\/www.europesays.com\/de\/wp-json\/wp\/v2\/posts\/503015\/revisions"}],"wp:featuredmedia":[{"embeddable":true,"href":"https:\/\/www.europesays.com\/de\/wp-json\/wp\/v2\/media\/503016"}],"wp:attachment":[{"href":"https:\/\/www.europesays.com\/de\/wp-json\/wp\/v2\/media?parent=503015"}],"wp:term":[{"taxonomy":"category","embeddable":true,"href":"https:\/\/www.europesays.com\/de\/wp-json\/wp\/v2\/categories?post=503015"},{"taxonomy":"post_tag","embeddable":true,"href":"https:\/\/www.europesays.com\/de\/wp-json\/wp\/v2\/tags?post=503015"}],"curies":[{"name":"wp","href":"https:\/\/api.w.org\/{rel}","templated":true}]}}