{"id":503017,"date":"2025-10-16T11:02:10","date_gmt":"2025-10-16T11:02:10","guid":{"rendered":"https:\/\/www.europesays.com\/de\/503017\/"},"modified":"2025-10-16T11:02:10","modified_gmt":"2025-10-16T11:02:10","slug":"francemobil-zu-gast-an-der-oberwaldschule-aue","status":"publish","type":"post","link":"https:\/\/www.europesays.com\/de\/503017\/","title":{"rendered":"FranceMobil zu Gast an der Oberwaldschule Aue"},"content":{"rendered":"<p>An der Oberwaldschule war Ad\u00e8le Guillou aus Brest in der Bretagne zu Gast. Mit viel Energie und Begeisterung f\u00fchrte sie die Kinder in die franz\u00f6sische Sprache ein. Die Drittkl\u00e4ssler, die erst seit kurzer Zeit Franz\u00f6sischunterricht haben, lernten in nur 45 Minuten spielerisch einfache Begr\u00fc\u00dfungen, Farben und S\u00e4tze kennen \u2013 und hatten sichtlich Spa\u00df dabei.<\/p>\n<p>Bei den Viertkl\u00e4sslern passte Ad\u00e8le das Niveau an: In einem W\u00fcrfelspiel wiederholten und vertieften sie Frage- und Antworts\u00e4tze, bevor sie bei einem Memory-Spiel die Namen verschiedener Zootiere auf Franz\u00f6sisch entdeckten.<\/p>\n<p>Beeindruckend war, dass Ad\u00e8le w\u00e4hrend der gesamten Stunde ausschlie\u00dflich Franz\u00f6sisch sprach. Dennoch konnten die Kinder den Spielen und Anweisungen problemlos folgen \u2013 ein lebendiges Beispiel daf\u00fcr, wie motivierend Sprachenlernen sein kann. F\u00fcr Staunen sorgte am Ende der Stunde ihr Dank auf Deutsch: \u201eDanke f\u00fcrs Mitmachen!\u201c<\/p>\n<p>Alle Beteiligten waren sich einig: Der Besuch des FranceMobil war ein voller Erfolg \u2013 lehrreich, unterhaltsam und mit viel franz\u00f6sischem Esprit. Merci beaucoup.<\/p>\n","protected":false},"excerpt":{"rendered":"An der Oberwaldschule war Ad\u00e8le Guillou aus Brest in der Bretagne zu Gast. Mit viel Energie und Begeisterung&hellip;\n","protected":false},"author":2,"featured_media":503018,"comment_status":"","ping_status":"","sticky":false,"template":"","format":"standard","meta":{"footnotes":""},"categories":[1844],"tags":[5871,1634,3364,29,125790,30,8903,63328],"class_list":{"0":"post-503017","1":"post","2":"type-post","3":"status-publish","4":"format-standard","5":"has-post-thumbnail","7":"category-karlsruhe","8":"tag-grundschule","9":"tag-baden-wuerttemberg","10":"tag-de","11":"tag-deutschland","12":"tag-francemobil","13":"tag-germany","14":"tag-karlsruhe","15":"tag-oberwaldschule"},"share_on_mastodon":{"url":"https:\/\/pubeurope.com\/@de\/115383510357545550","error":""},"_links":{"self":[{"href":"https:\/\/www.europesays.com\/de\/wp-json\/wp\/v2\/posts\/503017","targetHints":{"allow":["GET"]}}],"collection":[{"href":"https:\/\/www.europesays.com\/de\/wp-json\/wp\/v2\/posts"}],"about":[{"href":"https:\/\/www.europesays.com\/de\/wp-json\/wp\/v2\/types\/post"}],"author":[{"embeddable":true,"href":"https:\/\/www.europesays.com\/de\/wp-json\/wp\/v2\/users\/2"}],"replies":[{"embeddable":true,"href":"https:\/\/www.europesays.com\/de\/wp-json\/wp\/v2\/comments?post=503017"}],"version-history":[{"count":0,"href":"https:\/\/www.europesays.com\/de\/wp-json\/wp\/v2\/posts\/503017\/revisions"}],"wp:featuredmedia":[{"embeddable":true,"href":"https:\/\/www.europesays.com\/de\/wp-json\/wp\/v2\/media\/503018"}],"wp:attachment":[{"href":"https:\/\/www.europesays.com\/de\/wp-json\/wp\/v2\/media?parent=503017"}],"wp:term":[{"taxonomy":"category","embeddable":true,"href":"https:\/\/www.europesays.com\/de\/wp-json\/wp\/v2\/categories?post=503017"},{"taxonomy":"post_tag","embeddable":true,"href":"https:\/\/www.europesays.com\/de\/wp-json\/wp\/v2\/tags?post=503017"}],"curies":[{"name":"wp","href":"https:\/\/api.w.org\/{rel}","templated":true}]}}