{"id":503025,"date":"2025-10-16T11:06:22","date_gmt":"2025-10-16T11:06:22","guid":{"rendered":"https:\/\/www.europesays.com\/de\/503025\/"},"modified":"2025-10-16T11:06:22","modified_gmt":"2025-10-16T11:06:22","slug":"cold-case-giftmord-im-jahr-2006-in-minden-44-jaehriger-mit-natriumcyanid-getoetet","status":"publish","type":"post","link":"https:\/\/www.europesays.com\/de\/503025\/","title":{"rendered":"Cold Case &#8222;Giftmord im Jahr 2006 in Minden&#8220; &#8211; 44-J\u00e4hriger mit Natriumcyanid get\u00f6tet"},"content":{"rendered":"<p>HC\/ Bielefeld- Minden-L\u00fcbbecke- Die Ermittlungsgruppe Cold Case der Bielefelder Polizei befasst sich derzeit mit dem Mord an Johann ISAAK aus dem Jahr 2006. Der 44-J\u00e4hrige war am Montag, 18.12.2006, als Mitarbeiter eines ortsans\u00e4ssigen Chemieunternehmens im Pausenraum zusammengebrochen, nachdem er aus seiner im K\u00fchlschrank deponierten und angebrochenen Limonaden-Flasche getrunken hatte. Wie sich sp\u00e4ter herausstellte, war der Inhalt von einem unbekannten Tatverd\u00e4chtigen mit einem hochtoxischen Gift versetzt worden. Herr ISAAK verstarb nur wenige Stunden sp\u00e4ter im Klinikum Minden.<\/p>\n<p>Im Rahmen kriminaltechnischer Untersuchungen haben sich nun neue Ermittlungsans\u00e4tze ergeben. Markus Mertens, Erster Kriminalhauptkommissar und Leiter der Ermittlungsgruppe, berichtet von einem aktuellen Gutachten, dass neue R\u00fcckschl\u00fcsse auf den Zeitraum der Beimischung des Giftes zul\u00e4sst.<\/p>\n<p>Die Ermittlungen ab 2006<\/p>\n<p>Umfangreiche Ermittlungen der Mordkommission &#8222;K\u00fchlschrank&#8220; f\u00fchrten damals nicht zur Kl\u00e4rung der Tat. Es wurden zahlreiche Kontaktpersonen und Mitarbeiter der Firma vernommen und deren Zugangsm\u00f6glichkeiten zum Pausenraum sowie Alibis \u00fcberpr\u00fcft. Auch mehreren Hinweisen aus der Bev\u00f6lkerung gingen die Ermittler nach, der entscheidende Tipp war aber nicht dabei.<\/p>\n<p>Aktuelle Untersuchungen \/ Chemisch-toxikologisches Gutachten<\/p>\n<p>Durch die EG Cold Case des PP Bielefeld wurde im Sommer 2024 eine Untersuchungsreihe beim LKA in Auftrag gegeben. Insbesondere die chemische Zusammensetzung des Gift-Cocktails und deren Auswirkung auf das farbliche Erscheinungsbild und die Druckzust\u00e4nde innerhalb der kontaminierten Flasche in Abh\u00e4ngigkeit von der Lagertemperatur wurden untersucht. Die Ergebnisse liegen jetzt vor. Markus Mertens erkl\u00e4rt dazu: &#8222;Im Jahr 2006 ging man zun\u00e4chst davon aus, dass die Flasche am Wochenende (16.\/17.12.2006) vor der Vergiftung verunreinigt worden sein muss. Die neuen Untersuchungsergebnisse lassen aber den abweichenden R\u00fcckschluss zu, dass auch der vorgelagerte Freitag, 15.12.2006, als Zeitpunkt der Kontamination nicht ausgeschlossen werden kann&#8220;.<\/p>\n<p>Die weitere Vorgehensweise &#8211; Vernehmungen<\/p>\n<p>Aus diesem Grund sollen nun noch einmal gr\u00fcndliche Vernehmungen in den Kreisen der an diesem Freitag dort t\u00e4tigen Besch\u00e4ftigten durchgef\u00fchrt werden. Aus Sicht der Ermittler ist es sehr wahrscheinlich, dass der T\u00e4ter im Kreis der Mitarbeitenden des Chemieunternehmens zu suchen ist. Hierf\u00fcr spricht, dass der Zutritt auf das Werksgel\u00e4nde durch Zugangskontrollen auf berechtigte Personen begrenzt war. M\u00f6glicherweise spielte eine bevorstehende K\u00fcndigungswelle in dem Unternehmen eine Rolle, die kurz zuvor durch die Konzernleitung angek\u00fcndigt worden war. Auch die Bev\u00f6lkerung wird um Mithilfe gebeten. M\u00f6glicherweise hat der T\u00e4ter \u00fcber die Jahre sein Schweigen gebrochen und mit anderen Personen \u00fcber die Tat gesprochen. Wer kann dazu Angaben machen?<\/p>\n<p>F\u00fcr Hinweise melden Sie sich bitte:<\/p>\n<p>Polizeipr\u00e4sidium Bielefeld \/ Ermittlungsgruppe Cold Cases \/ 0521\/545-0<\/p>\n<p>R\u00fcckfragen von Journalisten bitte an:<\/p>\n<p>Polizeipr\u00e4sidium Bielefeld Leitungsstab\/ Presse- und \u00d6ffentlichkeitsarbeit Kurt-Schumacher-Stra\u00dfe 46 33615 Bielefeld<\/p>\n<p>Sonja Rehmert (SR), Tel. 0521\/545-3020 Katja K\u00fcster (KK), Tel. 0521\/545-3195 Sarah Siedschlag (SI), Tel. 0521\/545-3021 Michael K\u00f6tter (MK), Tel. 0521\/545-3022 Hella Christoph (HC), Tel. 0521\/545-3023 Fabian Rickel (FR), Tel. 0521\/545-3024 Caroline Steffen (CS), Tel. 0521\/545-3026 Lukas Reker (LR), Tel. 0521\/545-3222<\/p>\n<p>E-Mail: pressestelle.bielefeld@polizei.nrw.de <a href=\"https:\/\/bielefeld.polizei.nrw\/\" target=\"_blank\" rel=\"noreferrer noopener\">bielefeld.polizei.nrw<\/a><\/p>\n<p>Au\u00dferhalb der B\u00fcrodienstzeit: Leitstelle, Tel. 0521\/545-0<\/p>\n<p> Original-Content von: Polizei Bielefeld, \u00fcbermittelt durch news aktuell<\/p>\n","protected":false},"excerpt":{"rendered":"HC\/ Bielefeld- Minden-L\u00fcbbecke- Die Ermittlungsgruppe Cold Case der Bielefelder Polizei befasst sich derzeit mit dem Mord an Johann&hellip;\n","protected":false},"author":2,"featured_media":362892,"comment_status":"","ping_status":"","sticky":false,"template":"","format":"standard","meta":{"footnotes":""},"categories":[1841],"tags":[1605,3364,29,30,1209,12925],"class_list":{"0":"post-503025","1":"post","2":"type-post","3":"status-publish","4":"format-standard","5":"has-post-thumbnail","7":"category-bielefeld","8":"tag-bielefeld","9":"tag-de","10":"tag-deutschland","11":"tag-germany","12":"tag-nordrhein-westfalen","13":"tag-polizeimeldungen"},"share_on_mastodon":{"url":"https:\/\/pubeurope.com\/@de\/115383526041435910","error":""},"_links":{"self":[{"href":"https:\/\/www.europesays.com\/de\/wp-json\/wp\/v2\/posts\/503025","targetHints":{"allow":["GET"]}}],"collection":[{"href":"https:\/\/www.europesays.com\/de\/wp-json\/wp\/v2\/posts"}],"about":[{"href":"https:\/\/www.europesays.com\/de\/wp-json\/wp\/v2\/types\/post"}],"author":[{"embeddable":true,"href":"https:\/\/www.europesays.com\/de\/wp-json\/wp\/v2\/users\/2"}],"replies":[{"embeddable":true,"href":"https:\/\/www.europesays.com\/de\/wp-json\/wp\/v2\/comments?post=503025"}],"version-history":[{"count":0,"href":"https:\/\/www.europesays.com\/de\/wp-json\/wp\/v2\/posts\/503025\/revisions"}],"wp:featuredmedia":[{"embeddable":true,"href":"https:\/\/www.europesays.com\/de\/wp-json\/wp\/v2\/media\/362892"}],"wp:attachment":[{"href":"https:\/\/www.europesays.com\/de\/wp-json\/wp\/v2\/media?parent=503025"}],"wp:term":[{"taxonomy":"category","embeddable":true,"href":"https:\/\/www.europesays.com\/de\/wp-json\/wp\/v2\/categories?post=503025"},{"taxonomy":"post_tag","embeddable":true,"href":"https:\/\/www.europesays.com\/de\/wp-json\/wp\/v2\/tags?post=503025"}],"curies":[{"name":"wp","href":"https:\/\/api.w.org\/{rel}","templated":true}]}}