{"id":503029,"date":"2025-10-16T11:09:10","date_gmt":"2025-10-16T11:09:10","guid":{"rendered":"https:\/\/www.europesays.com\/de\/503029\/"},"modified":"2025-10-16T11:09:10","modified_gmt":"2025-10-16T11:09:10","slug":"bestaetigt-friedrich-verliert-weltcup-sieg-nach-dopingfall","status":"publish","type":"post","link":"https:\/\/www.europesays.com\/de\/503029\/","title":{"rendered":"Best\u00e4tigt: Friedrich verliert Weltcup-Sieg nach Dopingfall"},"content":{"rendered":"<p>Berlin (dpa) &#8211; Der Dopingfall seines Anschiebers Simon Wulff hat f\u00fcr Bob-Ass Francesco Friedrich lange nach Saisonende weitreichende Folgen. Wie der Bob- und Schlittenverband f\u00fcr Deutschland (BSD) auf dpa-Anfrage best\u00e4tigte, wurde der 35-J\u00e4hrige beim Zweier-Weltcup in Altenberg nachtr\u00e4glich disqualifiziert und ihm deshalb der Sieg aberkannt. Damit verliert der viermalige Olympiasieger aus Pirna Platz eins im Zweierbob-Weltcup und dadurch auch im Gesamtweltcup. Zuvor hatte das ZDF dar\u00fcber berichtet.<\/p>\n<p>Die Disqualifikation hat f\u00fcr Friedrich auch finanzielle Auswirkungen. \u00abDie Auszeichnungen und Preisgelder zum M\u00e4nner-Zweierbob Gesamtweltcup werden an die jeweiligen Athleten neu verteilt\u00bb, hei\u00dft es in einem Schreiben des Weltverbandes IBSF an den deutschen Verband, das der dpa vorliegt.\u00a0<\/p>\n<p>Neuer Sieger im Zweier- und Gesamtweltcup ist Friedrichs Dauerrivale Johannes Lochner aus Berchtesgaden, der nachtr\u00e4glich auch zum Sieger in Altenberg erkl\u00e4rt wurde. Der BSD war am 14. Oktober dar\u00fcber informiert worden.<\/p>\n<p>Der Dopingfall Wulff<\/p>\n<p>Ex-Leichtathlet Wulff hatte in der Vorsaison mit dem viermaligen Olympiasieger Friedrich Siege im Zweierbob in Altenberg und Sigulda (Lettland) sowie einen zweiten Platz im Viererbob in Winterberg gefeiert, ehe sein positiver Test bekannt wurde.\u00a0Bei Wulff war beim Weltcup-Auftakt in Altenberg 2024 die Substanz Methylhexanamin nachgewiesen worden. Diese ist im Training erlaubt, im Wettkampf allerdings verboten. Eine wissentliche Einnahme hat er stets bestritten.<\/p>\n<p>Wulff war nach seinem positiven Befund aus dem Dezember vergangenen Jahres r\u00fcckwirkend f\u00fcr 21 Monate bis September 2026 gesperrt worden. Damit steht der 24-J\u00e4hrige dem Bob-Dominator Friedrich auch bei den Olympischen Winterspielen im Februar 2026 nicht zur Verf\u00fcgung. Er kann erst ab dem 7. September 2026 wieder an Wettk\u00e4mpfen teilnehmen.<\/p>\n","protected":false},"excerpt":{"rendered":"Berlin (dpa) &#8211; Der Dopingfall seines Anschiebers Simon Wulff hat f\u00fcr Bob-Ass Francesco Friedrich lange nach Saisonende weitreichende&hellip;\n","protected":false},"author":2,"featured_media":503030,"comment_status":"","ping_status":"","sticky":false,"template":"","format":"standard","meta":{"footnotes":""},"categories":[1840],"tags":[20356,3364,29,5392,30,1209,859,62497,4418],"class_list":{"0":"post-503029","1":"post","2":"type-post","3":"status-publish","4":"format-standard","5":"has-post-thumbnail","7":"category-wuppertal","8":"tag-bob","9":"tag-de","10":"tag-deutschland","11":"tag-doping","12":"tag-germany","13":"tag-nordrhein-westfalen","14":"tag-sachsen","15":"tag-weltcup","16":"tag-wuppertal"},"share_on_mastodon":{"url":"https:\/\/pubeurope.com\/@de\/115383537817192291","error":""},"_links":{"self":[{"href":"https:\/\/www.europesays.com\/de\/wp-json\/wp\/v2\/posts\/503029","targetHints":{"allow":["GET"]}}],"collection":[{"href":"https:\/\/www.europesays.com\/de\/wp-json\/wp\/v2\/posts"}],"about":[{"href":"https:\/\/www.europesays.com\/de\/wp-json\/wp\/v2\/types\/post"}],"author":[{"embeddable":true,"href":"https:\/\/www.europesays.com\/de\/wp-json\/wp\/v2\/users\/2"}],"replies":[{"embeddable":true,"href":"https:\/\/www.europesays.com\/de\/wp-json\/wp\/v2\/comments?post=503029"}],"version-history":[{"count":0,"href":"https:\/\/www.europesays.com\/de\/wp-json\/wp\/v2\/posts\/503029\/revisions"}],"wp:featuredmedia":[{"embeddable":true,"href":"https:\/\/www.europesays.com\/de\/wp-json\/wp\/v2\/media\/503030"}],"wp:attachment":[{"href":"https:\/\/www.europesays.com\/de\/wp-json\/wp\/v2\/media?parent=503029"}],"wp:term":[{"taxonomy":"category","embeddable":true,"href":"https:\/\/www.europesays.com\/de\/wp-json\/wp\/v2\/categories?post=503029"},{"taxonomy":"post_tag","embeddable":true,"href":"https:\/\/www.europesays.com\/de\/wp-json\/wp\/v2\/tags?post=503029"}],"curies":[{"name":"wp","href":"https:\/\/api.w.org\/{rel}","templated":true}]}}