{"id":503033,"date":"2025-10-16T11:11:11","date_gmt":"2025-10-16T11:11:11","guid":{"rendered":"https:\/\/www.europesays.com\/de\/503033\/"},"modified":"2025-10-16T11:11:11","modified_gmt":"2025-10-16T11:11:11","slug":"vfl-bochum-hertha-bsc-im-free-tv-2-bundesliga-am-samstag-live-sehen-sport","status":"publish","type":"post","link":"https:\/\/www.europesays.com\/de\/503033\/","title":{"rendered":"VfL Bochum \u2013 Hertha BSC im Free-TV: 2. Bundesliga am Samstag LIVE sehen | Sport"},"content":{"rendered":"<p><b>Trainer-Deb\u00fct f\u00fcr Uwe R\u00f6sler (56)!<\/b><\/p>\n<p>In der <a href=\"https:\/\/www.bild.de\/sport\/fussball\/2-bundesliga\/2-liga-startseite-52368772.bild.html\" class=\"text-link\" target=\"_blank\" rel=\"noopener\">2. Liga<\/a> kommt es am Samstag im Topspiel des 9. Spieltags zum Duell des <a href=\"https:\/\/www.bild.de\/sport\/fussball\/vfl-bochum\/startseite-bochum-31148910.bild.html\" class=\"text-link\" target=\"_blank\" rel=\"noopener\">VfL Bochum<\/a> gegen Hertha BSC. Nach der Trainerentlassung will der Gastgeber endlich weg von den Abstiegsr\u00e4ngen. Gleichzeitig reist mit der alten Dame aus <a href=\"https:\/\/www.bild.de\/sport\/fussball\/hertha-bsc\/startseite-hertha-bsc-31074436.bild.html\" class=\"text-link\" target=\"_blank\" rel=\"noopener\">Berlin<\/a> ein Gegner an, der in den letzten Wochen besser in Fahrt gekommen ist. Keine leichte Aufgabe f\u00fcr R\u00f6sler zum Start nach der L\u00e4nderspielpause.<\/p>\n<p><b>Los geht\u2019s am Samstagabend um 20.30 Uhr. Die gute Nachricht f\u00fcr alle Fans: Die Partie l\u00e4uft live im Free-TV.<\/b><\/p>\n<p>Mehr zum Thema2. Bundesliga: Wer zeigt VfL Bochum \u2013\u00a0 Hertha BSC live im Free-TV?<\/p>\n<p>Denn: Das Zweitliga-Duell l\u00e4uft live im Free-TV bei RTL! Der K\u00f6lner Sender zeigt die Partie live und kostenlos. Die \u00dcbertragung startet um 20.15 Uhr. <\/p>\n<p><b>Au\u00dferdem: Die <\/b><a href=\"https:\/\/www.bild.de\/sport\/fussball\/2-bundesliga\/2-liga-startseite-52368772.bild.html\" class=\"text-link\" target=\"_blank\" rel=\"noopener\"><b>2. Bundesliga<\/b><\/a><b>-Partie zwischen Bochum und Hertha wird live beim Pay-TV-Sender Sky und dem kostenpflichtigen <\/b><a href=\"https:\/\/ib.adnxs-simple.com\/clktrb?id=821820&amp;gdpr=1&amp;gdpr_consent=0&amp;cachebuster=$%7BCACHEBUSTER%7D&amp;t=2\" rel=\"nofollow noopener\" class=\"text-link--external text-link\" target=\"_blank\"><b>Streaminganbieter WOW<\/b><\/a><b> (Anzeige) \u00fcbertragen. Ansto\u00df ist um 20.30 Uhr.<\/b><\/p>\n<p>Sie k\u00f6nnen die 2. Bundesliga nicht live vor dem TV verfolgen? Kein Problem! Im <a href=\"https:\/\/sport.bild.de\/fussball\/2-bundesliga\/ma11200367\/vfl-bochum_hertha-bsc\/liveticker\/\" rel=\"noopener\" class=\"text-link--external text-link\" target=\"_blank\">BILD.de-Liveticker<\/a> k\u00f6nnen Sie das komplette Spiel kostenlos verfolgen. <\/p>\n<p>Wie bitter!: Hertha-Star Reese schie\u00dft Nicht-Tor des Jahres<a class=\"anchor video-teaser__anchor\" href=\"https:\/\/www.bild.de\/sport\/fussball\/wie-bitter-hertha-star-reese-schiesst-nicht-tor-des-jahres-68e65008daea3e0002fb3235\" target=\"_blank\" rel=\"noopener\"><img decoding=\"async\" width=\"992\" height=\"558\" alt=\"Teaser-Bild\" src=\"https:\/\/www.europesays.com\/de\/wp-content\/uploads\/2025\/10\/0cacb2fdd720600edff4dc0425f6c698-landscape,cb80bc4b\"   class=\"landscape teaser__image\" loading=\"lazy\"\/><\/a><\/p>\n<p>Quelle: DFL08.10.2025<\/p>\n<p><b>Nach Dieter Hecking (61) und dem gl\u00fccklosen Interimscoach David Siebers (38) liegt es jetzt in den H\u00e4nden R\u00f6slers. Er muss mit Bochum die Trendwende schaffen. F\u00fcr Torwart Timo Horn (32) ist es daf\u00fcr noch l\u00e4ngst nicht zu sp\u00e4t. Horn stellt klar: \u201eWir sind immer noch am Anfang der Saison. In der Mannschaft steckt gen\u00fcgend Qualit\u00e4t, um die Kurve zu bekommen.\u201c<\/b><\/p>\n<p>Auch interessant<\/p>\n<p>Anzeige<\/p>\n<p>Auch interessant<\/p>\n<p>Anzeige<\/p>\n<p>Und weiter: \u201eWir m\u00fcssen es auf dem Platz zeigen und am Wochenende liefern. Da sind wir alle gefordert.\u201c Verzichten muss R\u00f6sler gegen die Hertha dabei auf Kevin Vogt (34\/OP nach Knieproblemen), Cajetan Lenz (19\/Gelbsperre) und Ibrahima Sissoko (27\/fehlt seit August mit einer Schulterverletzung). <\/p>\n<p>Aber auch die Berliner haben einen schmerzhaften Ausfall. So wird Rechtsverteidiger Deyo Zeefuik (27) es von seiner Kn\u00f6chelverletzung wohl nicht rechtzeitig schaffen. Trotzdem ist die Laune bei der Hertha besser als noch vor einigen Wochen. Drei Siege in den letzten 4 Spielen \u2013 ein gewisser Aufwind in der Hauptstadt ist zu sp\u00fcren. <\/p>\n<p><b>H\u00e4lt dieser an oder kann Bochum angespornt durch den neuen Trainer den 2. Sieg der Saison holen? <\/b><\/p>\n<p>2. Bundesliga: VfL Bochum vs. Hertha BSC im Live-Ticker<\/p>\n","protected":false},"excerpt":{"rendered":"Trainer-Deb\u00fct f\u00fcr Uwe R\u00f6sler (56)! In der 2. Liga kommt es am Samstag im Topspiel des 9. Spieltags&hellip;\n","protected":false},"author":2,"featured_media":503034,"comment_status":"","ping_status":"","sticky":false,"template":"","format":"standard","meta":{"footnotes":""},"categories":[1839],"tags":[7507,3364,29,347,30,63263,1088,91498,1209,119671,640,4222,1927,45,8173,125791,784],"class_list":{"0":"post-503033","1":"post","2":"type-post","3":"status-publish","4":"format-standard","5":"has-post-thumbnail","7":"category-bochum","8":"tag-bochum","9":"tag-de","10":"tag-deutschland","11":"tag-fussball","12":"tag-germany","13":"tag-heck-dieter-thomas","14":"tag-hertha-bsc","15":"tag-horn-timo","16":"tag-nordrhein-westfalen","17":"tag-roesler-uwe","18":"tag-rtl","19":"tag-sky","20":"tag-sport-standard","21":"tag-texttospeech","22":"tag-vfl-bochum","23":"tag-vogt-kevin","24":"tag-zweite-bundesliga"},"share_on_mastodon":{"url":"https:\/\/pubeurope.com\/@de\/115383546267807575","error":""},"_links":{"self":[{"href":"https:\/\/www.europesays.com\/de\/wp-json\/wp\/v2\/posts\/503033","targetHints":{"allow":["GET"]}}],"collection":[{"href":"https:\/\/www.europesays.com\/de\/wp-json\/wp\/v2\/posts"}],"about":[{"href":"https:\/\/www.europesays.com\/de\/wp-json\/wp\/v2\/types\/post"}],"author":[{"embeddable":true,"href":"https:\/\/www.europesays.com\/de\/wp-json\/wp\/v2\/users\/2"}],"replies":[{"embeddable":true,"href":"https:\/\/www.europesays.com\/de\/wp-json\/wp\/v2\/comments?post=503033"}],"version-history":[{"count":0,"href":"https:\/\/www.europesays.com\/de\/wp-json\/wp\/v2\/posts\/503033\/revisions"}],"wp:featuredmedia":[{"embeddable":true,"href":"https:\/\/www.europesays.com\/de\/wp-json\/wp\/v2\/media\/503034"}],"wp:attachment":[{"href":"https:\/\/www.europesays.com\/de\/wp-json\/wp\/v2\/media?parent=503033"}],"wp:term":[{"taxonomy":"category","embeddable":true,"href":"https:\/\/www.europesays.com\/de\/wp-json\/wp\/v2\/categories?post=503033"},{"taxonomy":"post_tag","embeddable":true,"href":"https:\/\/www.europesays.com\/de\/wp-json\/wp\/v2\/tags?post=503033"}],"curies":[{"name":"wp","href":"https:\/\/api.w.org\/{rel}","templated":true}]}}