{"id":503042,"date":"2025-10-16T11:16:15","date_gmt":"2025-10-16T11:16:15","guid":{"rendered":"https:\/\/www.europesays.com\/de\/503042\/"},"modified":"2025-10-16T11:16:15","modified_gmt":"2025-10-16T11:16:15","slug":"regierung-von-lecornu-uebersteht-zwei-misstrauensvoten","status":"publish","type":"post","link":"https:\/\/www.europesays.com\/de\/503042\/","title":{"rendered":"Regierung von Lecornu \u00fcbersteht zwei Misstrauensvoten"},"content":{"rendered":"<p>Kurz nach Kabinettsbildung <\/p>\n<p>Frankreichs Regierung \u00fcbersteht zwei Misstrauensantr\u00e4ge<\/p>\n<p>16.10.2025 &#8211; 13:09 UhrLesedauer: 1 Min.<\/p>\n<p><a href=\"#focus-0\" class=\"transition-colors duration-200 block text-current relative\" data-sctrack=\"FocusGalleryImage.Reference\"><img fetchpriority=\"high\" data-testid=\"Opener.Image\" style=\"--lqipURL:url('https:\/\/images.t-online.de\/2025\/10\/HaajWN3A7FlZ\/0x107:2048x1152\/fit-in\/150x0\/filters:blur(25)\/gelingt-lecornu-die-politische-gratwanderung-im-zweiten-versuch-archivbild.jpg')\"   loading=\"eager\" src=\"https:\/\/www.europesays.com\/de\/wp-content\/uploads\/2025\/10\/gelingt-lecornu-die-politische-gratwanderung-im-zweiten-versuch-archivbild.jpg\" alt=\"S\u00e9bastien Lecornu\" title=\"S\u00e9bastien Lecornu\" width=\"2048\" height=\"1152\" class=\"bg-[url:var(--lqipURL)] bg-cover bg-center flex h-full w-full max-w-full\" decoding=\"async\"\/><img style=\"--width:32;--height:32\" loading=\"lazy\" src=\"https:\/\/www.t-online.de\/s\/paper\/_next\/static\/media\/zoom-in.f7dae02f.svg\" alt=\"Vergr\u00f6\u00dfern des Bildes\" title=\"Vergr\u00f6\u00dfern des Bildes\" class=\"block h-[calc(var(--height)_\/_16_*_1rem)] w-[calc(var(--width)_\/_16_*_1rem)] max-w-none absolute bottom-8 right-8 rounded-4 bg-snow p-8\" decoding=\"async\"\/><\/a><\/p>\n<p>S\u00e9bastien Lecornu (Archivbild): Der franz\u00f6sische Premier hat ein Misstrauensvotum widmen. (Quelle: Stephanie Lecocq\/Reuters Pool\/AP\/dpa\/dpa-bilder)<\/p>\n<p class=\"font-bold text-18 leading-17\">Frankreichs Regierung ist erst wenige Tage im Amt, da wurden bereits zwei Misstrauensvoten gegen sie beantragt. Doch das Kabinett kann vorerst aufatmen.<\/p>\n<p class=\"text-18 leading-17\">Frankreichs Premierminister S\u00e9bastien Lecornu und seine Mitte-Rechts-Regierung haben beide Misstrauensvoten der Opposition \u00fcberstanden. Nach dem Misstrauensantrag der Linkspartei fand im Anschluss auch ein separater Vorsto\u00df von Marine Le Pens Rechtsnationalen keine Mehrheit. F\u00fcr den Antrag des Rassemblement National (RN) stimmten nur 144 Abgeordnete. F\u00fcr einen Sturz der Regierung w\u00e4ren 289 Stimmen n\u00f6tig gewesen.<\/p>\n<p class=\"text-18 leading-17\">Die erste Abstimmung \u00fcber den Misstrauensantrag der linkspopulistischen Partei LFI war wesentlich knapper ausgefallen. F\u00fcr eine Mehrheit fehlten lediglich 18 Stimmen. In mehreren Parteien gab es Abweichler: Bei den Sozialisten unterst\u00fctzten sieben Abgeordnete entgegen der Parteilinie den Misstrauensantrag der Linkspopulisten. Bei den konservativen Republikanern stimmten drei Abgeordnete f\u00fcr den Antrag der Rechtspopulisten.<\/p>\n<p class=\"text-18 leading-17\">Nach den \u00fcberstandenen Misstrauensvoten ist die seit Langem schwelende Regierungskrise in <a class=\"transition-colors duration-200 cursor-pointer text-inherit no-underline text-salemsfur md:hover:text-magenta md:hover:border-magenta md:focus:text-magenta border-current border-b border-solid break-words\" href=\"https:\/\/www.t-online.de\/themen\/frankreich\/\" data-sctrack=\"BodyAnchor\" target=\"_blank\" rel=\"noopener\">Frankreich<\/a> nun f\u00fcrs Erste etwas entsch\u00e4rft. W\u00e4re Lecornu gest\u00fcrzt worden, h\u00e4tte Pr\u00e4sident <a class=\"transition-colors duration-200 cursor-pointer text-inherit no-underline text-salemsfur md:hover:text-magenta md:hover:border-magenta md:focus:text-magenta border-current border-b border-solid break-words\" href=\"https:\/\/www.t-online.de\/themen\/emmanuel-macron\/\" data-sctrack=\"BodyAnchor\" target=\"_blank\" rel=\"noopener\">Emmanuel Macron<\/a> nach Ansicht vieler Experten kaum mehr eine andere Wahl gehabt, als das Parlament aufzul\u00f6sen und Neuwahlen auszurufen. Der 39-J\u00e4hrige war von Macron erst k\u00fcrzlich wiederernannt worden.<\/p>\n<p class=\"text-18 leading-17\">Regierung und Parlament k\u00f6nnen nun in die schwierigen Beratungen \u00fcber einen Sparhaushalt einsteigen, den der Premier am Dienstag vorgelegt hatte. Auch \u00fcber eine Reform des Rentensystems steht dann eine neue Debatte an.<\/p>\n","protected":false},"excerpt":{"rendered":"Kurz nach Kabinettsbildung Frankreichs Regierung \u00fcbersteht zwei Misstrauensantr\u00e4ge 16.10.2025 &#8211; 13:09 UhrLesedauer: 1 Min. S\u00e9bastien Lecornu (Archivbild): Der&hellip;\n","protected":false},"author":2,"featured_media":503043,"comment_status":"","ping_status":"","sticky":false,"template":"","format":"standard","meta":{"footnotes":""},"categories":[3974],"tags":[326,331,332,536,548,663,3934,3980,156,13,125792,157,76836,73767,14,15,2512,1323,12,120897],"class_list":{"0":"post-503042","1":"post","2":"type-post","3":"status-publish","4":"format-standard","5":"has-post-thumbnail","7":"category-frankreich","8":"tag-326","9":"tag-aktuelle-nachrichten","10":"tag-aktuelle-news","11":"tag-die-linke","12":"tag-eu","13":"tag-europa","14":"tag-europe","15":"tag-france","16":"tag-frankreich","17":"tag-headlines","18":"tag-kabinettsbildung","19":"tag-marine-le-pen","20":"tag-misstrauensantrag","21":"tag-misstrauensvotum","22":"tag-nachrichten","23":"tag-news","24":"tag-opposition","25":"tag-rassemblement-national","26":"tag-schlagzeilen","27":"tag-sebastien-lecornu"},"share_on_mastodon":{"url":"https:\/\/pubeurope.com\/@de\/115383566069011688","error":""},"_links":{"self":[{"href":"https:\/\/www.europesays.com\/de\/wp-json\/wp\/v2\/posts\/503042","targetHints":{"allow":["GET"]}}],"collection":[{"href":"https:\/\/www.europesays.com\/de\/wp-json\/wp\/v2\/posts"}],"about":[{"href":"https:\/\/www.europesays.com\/de\/wp-json\/wp\/v2\/types\/post"}],"author":[{"embeddable":true,"href":"https:\/\/www.europesays.com\/de\/wp-json\/wp\/v2\/users\/2"}],"replies":[{"embeddable":true,"href":"https:\/\/www.europesays.com\/de\/wp-json\/wp\/v2\/comments?post=503042"}],"version-history":[{"count":0,"href":"https:\/\/www.europesays.com\/de\/wp-json\/wp\/v2\/posts\/503042\/revisions"}],"wp:featuredmedia":[{"embeddable":true,"href":"https:\/\/www.europesays.com\/de\/wp-json\/wp\/v2\/media\/503043"}],"wp:attachment":[{"href":"https:\/\/www.europesays.com\/de\/wp-json\/wp\/v2\/media?parent=503042"}],"wp:term":[{"taxonomy":"category","embeddable":true,"href":"https:\/\/www.europesays.com\/de\/wp-json\/wp\/v2\/categories?post=503042"},{"taxonomy":"post_tag","embeddable":true,"href":"https:\/\/www.europesays.com\/de\/wp-json\/wp\/v2\/tags?post=503042"}],"curies":[{"name":"wp","href":"https:\/\/api.w.org\/{rel}","templated":true}]}}