{"id":503058,"date":"2025-10-16T11:24:15","date_gmt":"2025-10-16T11:24:15","guid":{"rendered":"https:\/\/www.europesays.com\/de\/503058\/"},"modified":"2025-10-16T11:24:15","modified_gmt":"2025-10-16T11:24:15","slug":"deutsche-arbeiten-laut-duisburger-uni-weniger","status":"publish","type":"post","link":"https:\/\/www.europesays.com\/de\/503058\/","title":{"rendered":"Deutsche arbeiten laut Duisburger Uni weniger"},"content":{"rendered":"<p class=\"small date article__date\">Ver\u00f6ffentlicht:\u00a0Donnerstag, 16.10.2025 12:41<\/p>\n<p><strong>Im Zeitraum zwischen 2012 und 2023 hat sich die Arbeitszeit der Deutschen gesunken. Gleichzeitig arbeiten mehr Menschen. Auch die Zahl der Teilzeitkr\u00e4fte nimmt zu.<\/strong><\/p>\n<p><img decoding=\"async\" alt=\"\" src=\"https:\/\/www.europesays.com\/de\/wp-content\/uploads\/2025\/10\/fotolia_148435018_m_socialmedia.jpg&#038;crop=0x0x848x530&#038;resize=848x530&#038;dt=201907051501370.jpeg\" data-size=\"848x530\"\/>\u00a9 StockRocket &#8211; stock.adobe.com<\/p>\n<p>Wir arbeiten weniger &#8211; zumindest wenn man uns einzeln betrachtet. Das ist das Ergebnis eines aktuellen Arbeitszeitmonitorings der Universit\u00e4t Duisburg-Essen. Die durchschnittliche Wochenarbeitszeit der Deutschen ist dabei von fast 35 Stunden (34,9 Stunden) im Jahr 2012 auf 34,6 Stunden in 2023 gesunken. Gleichzeitig arbeiten mehr Menschen. Auch die Zahl der Teilzeitbesch\u00e4ftigten nimmt stetig zu. Dadurch steigt die Arbeitszeit aller Besch\u00e4ftigten zusammengenommen trotzdem auf ein Hoch, das seit der Wiedervereinigung nicht erreicht wurde.<\/p>\n<p>M\u00e4nner haben ihre Stunden deutlicher reduziert<\/p>\n<p>Vor allem M\u00e4nner haben ihre Arbeitszeit reduziert. Im gleichen Zeitraum\u00a0\u00a0(zwischen 2012 und 2023) ist sie um mehr als eine Stunden gesunken. Der Anteil der Teilzeitbesch\u00e4ftigten an der Gesamtbev\u00f6lkerung erh\u00f6hte sich kontinuierlich von 27,2 auf 30,9 Prozent. Der Zuwachs zeigt sich vor allem in Besch\u00e4ftigtengruppen, in denen Teilzeitarbeit lange Zeit nicht verbreitet war &#8211; etwa bei V\u00e4tern oder Hochqualifizierten.<\/p>\n","protected":false},"excerpt":{"rendered":"Ver\u00f6ffentlicht:\u00a0Donnerstag, 16.10.2025 12:41 Im Zeitraum zwischen 2012 und 2023 hat sich die Arbeitszeit der Deutschen gesunken. Gleichzeitig arbeiten&hellip;\n","protected":false},"author":2,"featured_media":503059,"comment_status":"","ping_status":"","sticky":false,"template":"","format":"standard","meta":{"footnotes":""},"categories":[1838],"tags":[125793,41103,3364,29,3715,30,1209],"class_list":{"0":"post-503058","1":"post","2":"type-post","3":"status-publish","4":"format-standard","5":"has-post-thumbnail","7":"category-duisburg","8":"tag-uni-due","9":"tag-uni-duisburg-essen","10":"tag-de","11":"tag-deutschland","12":"tag-duisburg","13":"tag-germany","14":"tag-nordrhein-westfalen"},"share_on_mastodon":{"url":"https:\/\/pubeurope.com\/@de\/115383597533548865","error":""},"_links":{"self":[{"href":"https:\/\/www.europesays.com\/de\/wp-json\/wp\/v2\/posts\/503058","targetHints":{"allow":["GET"]}}],"collection":[{"href":"https:\/\/www.europesays.com\/de\/wp-json\/wp\/v2\/posts"}],"about":[{"href":"https:\/\/www.europesays.com\/de\/wp-json\/wp\/v2\/types\/post"}],"author":[{"embeddable":true,"href":"https:\/\/www.europesays.com\/de\/wp-json\/wp\/v2\/users\/2"}],"replies":[{"embeddable":true,"href":"https:\/\/www.europesays.com\/de\/wp-json\/wp\/v2\/comments?post=503058"}],"version-history":[{"count":0,"href":"https:\/\/www.europesays.com\/de\/wp-json\/wp\/v2\/posts\/503058\/revisions"}],"wp:featuredmedia":[{"embeddable":true,"href":"https:\/\/www.europesays.com\/de\/wp-json\/wp\/v2\/media\/503059"}],"wp:attachment":[{"href":"https:\/\/www.europesays.com\/de\/wp-json\/wp\/v2\/media?parent=503058"}],"wp:term":[{"taxonomy":"category","embeddable":true,"href":"https:\/\/www.europesays.com\/de\/wp-json\/wp\/v2\/categories?post=503058"},{"taxonomy":"post_tag","embeddable":true,"href":"https:\/\/www.europesays.com\/de\/wp-json\/wp\/v2\/tags?post=503058"}],"curies":[{"name":"wp","href":"https:\/\/api.w.org\/{rel}","templated":true}]}}