{"id":503062,"date":"2025-10-16T11:26:26","date_gmt":"2025-10-16T11:26:26","guid":{"rendered":"https:\/\/www.europesays.com\/de\/503062\/"},"modified":"2025-10-16T11:26:26","modified_gmt":"2025-10-16T11:26:26","slug":"zuhause-ist-da-wo-mein-wohnwagen-ist","status":"publish","type":"post","link":"https:\/\/www.europesays.com\/de\/503062\/","title":{"rendered":"\u201eZuhause ist da, wo mein Wohnwagen ist\u201c"},"content":{"rendered":"<p class=\"mb-6 text-xs md:text-m lg:text-l font-serif group-[.font-sans]:font-sans \">\n    Die meisten Menschen gehen zur Schule, machen ihren Abschluss und absolvieren dann eine Ausbildung oder ein Studium. Anschlie\u00dfend geht es ins Arbeitsleben. F\u00fcr Vivien Kaiser verlief es anders. Sie wurde in ihren Beruf hineingeboren. Ihre Familie betreibt in der achten Generation den <a href=\"https:\/\/www.augsburger-allgemeine.de\/krumbach\/edle-pferde-und-atemberaubende-artistik-begeisterten-im-circus-barnum-in-krumbach-111691616\" target=\"_self\" class=\"underline \" rel=\"nofollow noopener\">Circus Barnum<\/a>, der gerade in <a href=\"https:\/\/www.augsburger-allgemeine.de\/dillingen\/ort\/dillingen\" target=\"_self\" class=\"underline \" rel=\"nofollow noopener\">Dillingen<\/a> Halt macht. Ein anderes Leben kann sich die 19-J\u00e4hrige nicht vorstellen. \u201eF\u00fcr mich ist Zirkus die einzige Option.\u201c\n  <\/p>\n<p>            Circus Barnum in Dillingen: Das f\u00fchren Vivien Doren und ihr Bruder im Zirkus auf<\/p>\n<p class=\"mb-6 text-xs md:text-m lg:text-l font-serif group-[.font-sans]:font-sans \">\n    Kaiser ist eine von vier Geschwistern, deren Vater als Zirkusdirektor des Circus Barnum den Familienbetrieb leitet. Der Chef ist vor allem daf\u00fcr zust\u00e4ndig, dass im Hintergrund alles l\u00e4uft. Gemeinsam mit seiner Ehefrau k\u00fcmmert er sich etwa um die Technik und die Platzvergabe. Saisonal buchen die beiden verschiedene Artistinnen und Artisten, die \u2013 neben ihren Kindern \u2013 im Zirkus auftreten. Vivien Kaisers Bruder Juliano etwa balanciert im Handstand auf einer Stuhlpyramide in elf Metern H\u00f6he. Insgesamt sind in Dillingen zw\u00f6lf Akteure und Akteurinnen dabei. Die Kreisstadt an der Donau ist der letzte Stopp, bevor es nach N\u00fcrnberg geht, wo die Weihnachtssaison des Circus Barnum startet. Noch bis Sonntag, 19. Oktober, ist der Zirkus vor Ort.\n  <\/p>\n<p class=\"mb-6 text-xs md:text-m lg:text-l font-serif group-[.font-sans]:font-sans \">\n    Vivien Kaiser wuchs von klein auf inmitten von Artistinnen und Artisten auf und hatte schnell \u201eselbst sehr starkes Interesse, das alles zu lernen\u201c, wie sie erz\u00e4hlt. Fr\u00fch begann sie mit der Luftakrobatik, heute f\u00fchrt sie zudem Hula-Hoop-Kunstst\u00fccke auf und singt. Hinter den Kulissen ist die 19-J\u00e4hrige f\u00fcr den Social-Media-Auftritt des Zirkus zust\u00e4ndig und teilt als Vivien Doren auch Ausschnitte ihres eigenen Lebens sowie ihre Musik auf TikTok und Instagram.\n  <\/p>\n<p>    <img decoding=\"async\" src=\"https:\/\/images.mgpd.de\/img\/112569691\/crop\/c16_9-w100\/1568981917\/1606619651\/2-felder-grosses-foto-rechts.png\" alt=\"In der Manege sind Vivien Doren und ihr Bruder Juliano Kaiser(von links) in ihrem Element.\" title=\"In der Manege sind Vivien Doren und ihr Bruder Juliano Kaiser(von links) in ihrem Element.\" class=\"h-full w-full object-cover\"\/><\/p>\n<p>      Icon vergr\u00f6\u00dfern<\/p>\n<p>    In der Manege sind Vivien Doren und ihr Bruder Juliano Kaiser(von links) in ihrem Element.<br \/>\n    Foto: Circus Barnum, Collage AZ<\/p>\n<p>        Schlie\u00dfen <\/p>\n<p>      Icon Schlie\u00dfen<\/p>\n<p>        Icon vergr\u00f6\u00dfern<\/p>\n<p>        Icon verkleinern<\/p>\n<p>      Icon Pfeil bewegen<\/p>\n<p>    In der Manege sind Vivien Doren und ihr Bruder Juliano Kaiser(von links) in ihrem Element.<br \/>\n    Foto: Circus Barnum, Collage AZ<\/p>\n<p>            Circus Barnum in Dillingen: So lebt und wohnt Zirkusartisitn Vivien Doren<\/p>\n<p class=\"mb-6 text-xs md:text-m lg:text-l font-serif group-[.font-sans]:font-sans \">\n    Kaiser und ihre Familie bereisen j\u00e4hrlich zwischen 15 und 20 verschiedene Orte, die jedes Jahr variieren. Dort bleiben sie im Schnitt zwei Wochen, bis es in die n\u00e4chste Stadt geht. Als sie j\u00fcnger war, wechselte Kaiser mit jedem Standort die Schule. Mittlerweile gibt es Online-Unterricht und sogar Zirkusschulen. Dabei besuchen Lehrkr\u00e4fte die Zirkuskinder mit einem Wohnmobil, das als Klassenzimmer ausgestattet ist.\n  <\/p>\n<p class=\"mb-6 text-xs md:text-m lg:text-l font-serif group-[.font-sans]:font-sans \">\n    Der einzige Ort, an dem die Kaisers l\u00e4nger bleiben, ist N\u00fcrnberg. Dort ist der Circus Barnum mit seiner Weihnachtsshow von November bis Januar ans\u00e4ssig. F\u00fcr ein Leben zum Verweilen ist Vivien Kaiser aber ohnehin nicht gemacht. Sp\u00e4testens nach drei Wochen habe sie das Bed\u00fcrfnis weiterzureisen, wie sie berichtet. Ein Haus oder eine Wohnung besitzt sie nicht. \u201eZuhause ist da, wo mein Wohnwagen ist\u201c, sagt die 19-J\u00e4hrige. Kaiser und ihre Geschwister haben jeweils eigene Wohnw\u00e4gen. Ihre Eltern leben in einem besonders gro\u00dfen Modell mit K\u00fcche, Wohnzimmer, Schlafbereich und Bad. Am K\u00fcchentisch sitzend, vergisst man schnell, dass es sich nicht um eine klassische Wohnung handelt.\n  <\/p>\n<p>    <img decoding=\"async\" src=\"https:\/\/images.mgpd.de\/img\/112569384\/crop\/c16_9-w100\/1847167984\/803940915\/dsc8791jpg.jpg\" alt=\"Das Wohnmobil von Familie Kaiser ist ausgestattet wie eine kleine Wohnung.\" title=\"Das Wohnmobil von Familie Kaiser ist ausgestattet wie eine kleine Wohnung.\" class=\"h-full w-full object-cover\"\/><\/p>\n<p>      Icon vergr\u00f6\u00dfern<\/p>\n<p>    Das Wohnmobil von Familie Kaiser ist ausgestattet wie eine kleine Wohnung.<br \/>\n    Foto: Julia Motschmann<\/p>\n<p>        Schlie\u00dfen <\/p>\n<p>      Icon Schlie\u00dfen<\/p>\n<p>        Icon vergr\u00f6\u00dfern<\/p>\n<p>        Icon verkleinern<\/p>\n<p>      Icon Pfeil bewegen<\/p>\n<p>    Das Wohnmobil von Familie Kaiser ist ausgestattet wie eine kleine Wohnung.<br \/>\n    Foto: Julia Motschmann<\/p>\n<p>            Das sagt Vivien Doren \u00fcber Tierhaltung im Circus Barnum<\/p>\n<p class=\"mb-6 text-xs md:text-m lg:text-l font-serif group-[.font-sans]:font-sans \">\n    Auf dem Gel\u00e4nde neben dem Edeka-Parkplatz in der Rudolf-Diesel-Stra\u00dfe, wo sich der Zirkus aktuell befindet, sind circa 25 Menschen aus unterschiedlichen L\u00e4ndern. Jongleur Alfio etwa kommt aus Spanien, Luftartistin Melanie aus Ungarn. Meist wird Englisch untereinander gesprochen oder nebenbei eine neue Sprache gelernt. Viele Mitarbeitende reisen mit Partner und Kindern an. So entsteht eine kleine, famili\u00e4re Zirkusstadt, in der alle viel Zeit miteinander verbringen. Zwar wechseln die Auftretenden jede Saison, aber \u201eunter Zirkusleuten sieht man sich immer wieder\u201c, sagt Vivien Kaiser.\n  <\/p>\n<p class=\"mb-6 text-xs md:text-m lg:text-l font-serif group-[.font-sans]:font-sans \">\n    Viele Artistinnen und Artisten besuchen gesonderte Schulen, wie etwa die Staatliche Ballett- und Artistikschule Berlin, und entscheiden sich damit bewusst f\u00fcr den Beruf. Wer in einen Zirkus hineingeboren wird, w\u00e4chst damit auf. Das gilt sogar f\u00fcr die rund 60 Tiere, die zum Betrieb z\u00e4hlen: Die Jungen bleiben Teil des Unternehmens. Mit dabei sind unter anderem Kamele, Dromedare, Zebras, Lamas, Pferde, Ziegen, Ochsen oder Ponys. Auch sie reisen mit dem Saison-Team von Stadt zu Stadt. Viele von ihnen sind auch Teil von Zirkuseinlagen.\n  <\/p>\n<p class=\"mb-6 text-xs md:text-m lg:text-l font-serif group-[.font-sans]:font-sans \">\n    In der Vergangenheit wurde die <a href=\"https:\/\/www.augsburger-allgemeine.de\/neu-ulm\/peta-vorwuerfe-entkraeftet-warum-das-dromedarbaby-im-zirkus-legal-ist-110716539\" target=\"_self\" class=\"underline \" rel=\"nofollow noopener\">Tierhaltung in Zirkussen von Vereinen wie Peta immer wieder kritisiert<\/a>. Vivien Kaiser sagt, die Tiere des Circus Barnum bek\u00e4men gen\u00fcgend Auslauf und es werde darauf geachtet, ob ein Tier gestresst ist. Der Circus Barnum werde au\u00dferdem w\u00f6chentlich vom Veterin\u00e4ramt kontrolliert \u2013 und das h\u00e4lt die 19-J\u00e4hrige auch f\u00fcr sinnvoll.\n  <\/p>\n<p>    <img decoding=\"async\" src=\"https:\/\/images.mgpd.de\/img\/112569383\/crop\/c16_9-w100\/1789445390\/1407807735\/dsc8764jpg.jpg\" alt=\"Neben Lamas, Ochsen und Kamelen reisen Zebras mit dem Circus Barnumvon Stadt zu Stadt.\" title=\"Neben Lamas, Ochsen und Kamelen reisen Zebras mit dem Circus Barnumvon Stadt zu Stadt.\" class=\"h-full w-full object-cover\"\/><\/p>\n<p>      Icon vergr\u00f6\u00dfern<\/p>\n<p>    Neben Lamas, Ochsen und Kamelen reisen Zebras mit dem Circus Barnumvon Stadt zu Stadt.<br \/>\n    Foto: Julia Motschmann<\/p>\n<p>        Schlie\u00dfen <\/p>\n<p>      Icon Schlie\u00dfen<\/p>\n<p>        Icon vergr\u00f6\u00dfern<\/p>\n<p>        Icon verkleinern<\/p>\n<p>      Icon Pfeil bewegen<\/p>\n<p>    Neben Lamas, Ochsen und Kamelen reisen Zebras mit dem Circus Barnumvon Stadt zu Stadt.<br \/>\n    Foto: Julia Motschmann<\/p>\n<p>            Vivien Doren vom Circus Barnum in Dillingen: \u201eDas ist mein Traum, mein Leben\u201c<\/p>\n<p class=\"mb-6 text-xs md:text-m lg:text-l font-serif group-[.font-sans]:font-sans \">\n    Einen typischen Tagesablauf gibt es Vivien Kaiser zufolge \u00fcbrigens nicht im Zirkus. Ein Reisetag sei nicht mit einem Probentag vergleichbar. Den ungef\u00e4hren Ablauf erkl\u00e4rt sie aber wie folgt: Wird eine neue Show einstudiert, so proben die Artistinnen und Artisten mindestens zwei bis drei Wochen t\u00e4glich, bevor es losgeht. Innerhalb einer Saison haben die Abl\u00e4ufe Bestand und m\u00fcssen nicht immer wieder durchgesprochen werden. Vielmehr bereitet sich jede Person eigenverantwortlich auf ihren Auftritt vor. Kaiser selbst trainiert meist t\u00e4glich ein bis zwei Stunden in der Manege. Das aktuelle Programm des Circus Barnum dauert etwa zwei Stunden.\n  <\/p>\n<p>    <img decoding=\"async\" src=\"https:\/\/images.mgpd.de\/img\/112569379\/crop\/c16_9-w100\/1875286106\/1989616504\/dsc8786-2.jpg\" alt=\"In der Manege trainiert Vivien Kaiser in der Regel ein bis zwei Stunden am Tag f\u00fcr ihre Auftritte.\" title=\"In der Manege trainiert Vivien Kaiser in der Regel ein bis zwei Stunden am Tag f\u00fcr ihre Auftritte.\" class=\"h-full w-full object-cover\"\/><\/p>\n<p>      Icon vergr\u00f6\u00dfern<\/p>\n<p>    In der Manege trainiert Vivien Kaiser in der Regel ein bis zwei Stunden am Tag f\u00fcr ihre Auftritte.<br \/>\n    Foto: Julia Motschmann<\/p>\n<p>        Schlie\u00dfen <\/p>\n<p>      Icon Schlie\u00dfen<\/p>\n<p>        Icon vergr\u00f6\u00dfern<\/p>\n<p>        Icon verkleinern<\/p>\n<p>      Icon Pfeil bewegen<\/p>\n<p>    In der Manege trainiert Vivien Kaiser in der Regel ein bis zwei Stunden am Tag f\u00fcr ihre Auftritte.<br \/>\n    Foto: Julia Motschmann<\/p>\n<p class=\"mb-6 text-xs md:text-m lg:text-l font-serif group-[.font-sans]:font-sans \">\n    Urlaubstage, wie sie klassische Angestellte kennen, hat die 19-J\u00e4hrige nicht. Von Mitte Januar bis einschlie\u00dflich Februar pausiert der Zirkus zwar mit seinen Vorf\u00fchrungen, diese Zeit wird dann aber f\u00fcr gew\u00f6hnlich f\u00fcr Restaurationsarbeiten und \u00c4hnliches genutzt. Falls jemand krank wird, hei\u00dft es meist trotzdem \u201edurchziehen\u201c \u2013 eventuell wird etwas umgeplant, aber Ersatz gibt es nur im Notfall. F\u00fcr die 19-J\u00e4hrige sind das jedoch kaum Herausforderungen. Stattdessen f\u00e4llt ihr fast nur Positives bei ihrem Beruf ein. \u201eIch mache das, was ich liebe\u201c, sagt Kaiser. \u201eDas ist mein Traum, mein Leben.\u201c\n  <\/p>\n<p class=\"mb-6 text-xs md:text-m lg:text-l font-serif group-[.font-sans]:font-sans \">\n    <strong class=\"font-bold\">Info:<\/strong> Der Circus Barnum gastiert bis zum Sonntag, 19. Oktober, auf dem Platz am E-Center an der Rudolf-Diesel-Stra\u00dfe in Dillingen. Die Vorstellungen finden t\u00e4glich um 16 Uhr statt, am Sonntag um 15 Uhr. Die Kasse ist circa eine Stunde vor Beginn der Vorstellung ge\u00f6ffnet. Online-Tickets gibt es im Vorverkauf unter www.circus-barnum.de.\n  <\/p>\n<ul data-module-id=\"DragDropModule\" class=\"flex flex-wrap justify-start group-[.no-bookmarks]:hidden\">\n<li class=\"mb-3 mr-3\">\n    Julia Motschmann<\/p>\n<p>      Icon Haken im Kreis gesetzt<\/p>\n<p>      Icon Plus im Kreis<\/p>\n<\/li>\n<li class=\"mb-3 mr-3\">\n    89407 Dillingen<\/p>\n<p>      Icon Haken im Kreis gesetzt<\/p>\n<p>      Icon Plus im Kreis<\/p>\n<\/li>\n<li class=\"mb-3 mr-3\">\n    Circus<\/p>\n<p>      Icon Haken im Kreis gesetzt<\/p>\n<p>      Icon Plus im Kreis<\/p>\n<\/li>\n<\/ul>\n","protected":false},"excerpt":{"rendered":"Die meisten Menschen gehen zur Schule, machen ihren Abschluss und absolvieren dann eine Ausbildung oder ein Studium. Anschlie\u00dfend&hellip;\n","protected":false},"author":2,"featured_media":503063,"comment_status":"","ping_status":"","sticky":false,"template":"","format":"standard","meta":{"footnotes":""},"categories":[1837],"tags":[772,3364,29,30,3783],"class_list":{"0":"post-503062","1":"post","2":"type-post","3":"status-publish","4":"format-standard","5":"has-post-thumbnail","7":"category-nuernberg","8":"tag-bayern","9":"tag-de","10":"tag-deutschland","11":"tag-germany","12":"tag-nuernberg"},"share_on_mastodon":{"url":"https:\/\/pubeurope.com\/@de\/115383604947298497","error":""},"_links":{"self":[{"href":"https:\/\/www.europesays.com\/de\/wp-json\/wp\/v2\/posts\/503062","targetHints":{"allow":["GET"]}}],"collection":[{"href":"https:\/\/www.europesays.com\/de\/wp-json\/wp\/v2\/posts"}],"about":[{"href":"https:\/\/www.europesays.com\/de\/wp-json\/wp\/v2\/types\/post"}],"author":[{"embeddable":true,"href":"https:\/\/www.europesays.com\/de\/wp-json\/wp\/v2\/users\/2"}],"replies":[{"embeddable":true,"href":"https:\/\/www.europesays.com\/de\/wp-json\/wp\/v2\/comments?post=503062"}],"version-history":[{"count":0,"href":"https:\/\/www.europesays.com\/de\/wp-json\/wp\/v2\/posts\/503062\/revisions"}],"wp:featuredmedia":[{"embeddable":true,"href":"https:\/\/www.europesays.com\/de\/wp-json\/wp\/v2\/media\/503063"}],"wp:attachment":[{"href":"https:\/\/www.europesays.com\/de\/wp-json\/wp\/v2\/media?parent=503062"}],"wp:term":[{"taxonomy":"category","embeddable":true,"href":"https:\/\/www.europesays.com\/de\/wp-json\/wp\/v2\/categories?post=503062"},{"taxonomy":"post_tag","embeddable":true,"href":"https:\/\/www.europesays.com\/de\/wp-json\/wp\/v2\/tags?post=503062"}],"curies":[{"name":"wp","href":"https:\/\/api.w.org\/{rel}","templated":true}]}}