{"id":503064,"date":"2025-10-16T11:27:59","date_gmt":"2025-10-16T11:27:59","guid":{"rendered":"https:\/\/www.europesays.com\/de\/503064\/"},"modified":"2025-10-16T11:27:59","modified_gmt":"2025-10-16T11:27:59","slug":"airline-streicht-direktfluege-in-zwei-urlaubslaender-2","status":"publish","type":"post","link":"https:\/\/www.europesays.com\/de\/503064\/","title":{"rendered":"Airline streicht Direktfl\u00fcge in zwei Urlaubsl\u00e4nder"},"content":{"rendered":"<p><strong><br \/>\n           Nach Eurowings k\u00fcndigt nun eine weitere Airline massive \u00c4nderungen im Flugplan an. Das Angebot am Flughafen N\u00fcrnberg wird damit deutlich reduziert.<br \/>\n          <\/strong>\n          <\/p>\n<p>Eigentlich wollte der Flughafen N\u00fcrnberg sein Angebot ausbauen, den Flugplan erweitern. Das gelang zuletzt auch mit der <a href=\"https:\/\/www.infranken.de\/lk\/nuernberg\/winterflugplan-sonnenziel-flughafen-nuernberg-wizz-air-timisoara-brasov-fluggesellschaft-art-6215569\" target=\"_blank\" title=\"&quot;Wichtiger Schritt&quot;: Flughafen N\u00fcrnberg feiert neue Ziele im Flugplan\" rel=\"nofollow noopener\">Aufnahme zwei neuer Ziele in Osteuropa in den Flugplan<\/a>. Nun jedoch k\u00fcndigen sich auch R\u00fcckschl\u00e4ge an: Nachdem die Airline Eurowings zun\u00e4chst die Streichung einiger Urlaubsziele ab N\u00fcrnberg bekanntgegeben hatte, will nun auch Ryanair das Angebot deutlich reduzieren.<\/p>\n<p>&#8222;Wir verzeichnen K\u00fcrzungen bei Ryanair, die sich vor allen Dingen im Januar bemerkbar machen&#8220;, best\u00e4tigt Jan Bein\u00dfen, Sprecher des Albrecht-D\u00fcrer Airports N\u00fcrnberg, auf Nachfrage von inFranken.de. Demnach werde sich die Anzahl der Abfl\u00fcge reduzieren, Ziele will Ryanair aber nicht streichen. Die Kalenderwochen drei und vier sollen im kommenden Jahr laut Bein\u00dfen besonders betroffen sein.<\/p>\n<p>Ryanair mit deutlich reduziertem Flugplan am Flughafen N\u00fcrnberg<\/p>\n<p>Als Begr\u00fcndung nennt die Fluggesellschaft in einer Pressemitteilung die hohen Steuern und Abgaben im Luftverkehrsmarkt. Davon sei nicht nur N\u00fcrnberg betroffen: Insgesamt habe Ryanair die &#8222;Winterkapazit\u00e4t 2025, um \u00fcber 800.000 Sitze reduziert und 24 Strecken an 9 hochpreisigen deutschen Flugh\u00e4fen (darunter Berlin, Hamburg und Memmingen) gestrichen&#8220;.\u00a0<\/p>\n<p>Unsere Top-Nachrichten des Tages f\u00fcr deinen schnellen \u00dcberblick am Abend.<\/p>\n<p>\n                      Nichts verpassen mit dem Top-Themen-Newsletter t\u00e4glich um 18 Uhr\n                <\/p>\n<p class=\"hint\">Mit deiner Registrierung nimmst du die <a href=\"https:\/\/www.infranken.de\/datenschutz\/datenschutz-art-3144\" target=\"_blank\" rel=\"nofollow noopener\">Datenschutzerkl\u00e4rung<\/a> zur Kenntnis<\/p>\n<p>Wie der Flughafen-Sprecher erkl\u00e4rt, m\u00fcsse die Airline darum jetzt in den ohnehin Nachfrage schw\u00e4cheren Zeiten sparen. Statt circa 60 Abfl\u00fcgen pro Woche ab dem Flughafen N\u00fcrnberg seien im Januar noch circa 50 Abfl\u00fcge pro Woche von Ryanair angedacht. Marcel Pouchain Meyer, Leiter der Abteilung Marketing und Kommunikation bei Ryanair Deutschland, verdeutlicht im Gespr\u00e4ch mit inFranken.de: 17.000 Sitzpl\u00e4tze, die f\u00fcr Abfl\u00fcge vom Flughafen N\u00fcrnberg bereits im Verkaufssystem hochgeladen waren, mussten nun wieder herausgenommen werden.<\/p>\n<p>Auch f\u00fcr den Flughafen keine gute Nachricht: &#8222;Das ganze h\u00e4lt sich ja im Rahmen, aber nat\u00fcrlich freuen wir uns mehr \u00fcber Aufstockungen als \u00fcber K\u00fcrzungen. Deshalb ist es sehr wichtig, dass sich das wieder erholt&#8220;, betont Flughafen-Sprecher Bein\u00dfen. Schlie\u00dflich wolle Ryanair das Angebot nach dem Januar laut dem Flughafen-Sprecher wieder aufstocken. Im Sommer 2025 k\u00f6nnte dann unter Umst\u00e4nden wieder das &#8222;normale Programm&#8220; geflogen werden.<\/p>\n<p>Eurowings streicht Fl\u00fcge in zwei beliebte Urlaubsl\u00e4nder ab dem Flughafen N\u00fcrnberg<\/p>\n<p>Mit den \u00c4nderungen im Flugplan ist Ryanair nicht allein: Erst kurz zuvor k\u00fcndigte die Fluggesellschaft Eurowings an, mehrere Direktverbindungen ab N\u00fcrnberg streichen zu wollen. Wie die Airline auf Anfrage von inFranken.de am Dienstag (14. Oktober 2025) mitteilt, werden die Verbindungen nach Rom, Heraklion, Kos und Rhodos im Sommer 2026 nicht weitergef\u00fchrt.\u00a0<\/p>\n<p>Eurowings erkl\u00e4rt diesen Schritt gegen\u00fcber unserer Redaktion\u00a0damit, dass man grunds\u00e4tzlich alle Verbindungen und Standorte im gesamten Streckennetz einer &#8222;kontinuierlichen \u00dcberpr\u00fcfung&#8220; unterziehe und dementsprechend &#8222;regelm\u00e4\u00dfige Anpassungen zur Optimierung der Flugpl\u00e4ne&#8220; durchf\u00fchre.\u00a0<\/p>\n","protected":false},"excerpt":{"rendered":"Nach Eurowings k\u00fcndigt nun eine weitere Airline massive \u00c4nderungen im Flugplan an. Das Angebot am Flughafen N\u00fcrnberg wird&hellip;\n","protected":false},"author":2,"featured_media":390718,"comment_status":"","ping_status":"","sticky":false,"template":"","format":"standard","meta":{"footnotes":""},"categories":[1837],"tags":[772,3364,29,30,3783],"class_list":{"0":"post-503064","1":"post","2":"type-post","3":"status-publish","4":"format-standard","5":"has-post-thumbnail","7":"category-nuernberg","8":"tag-bayern","9":"tag-de","10":"tag-deutschland","11":"tag-germany","12":"tag-nuernberg"},"share_on_mastodon":{"url":"https:\/\/pubeurope.com\/@de\/115383612517380920","error":""},"_links":{"self":[{"href":"https:\/\/www.europesays.com\/de\/wp-json\/wp\/v2\/posts\/503064","targetHints":{"allow":["GET"]}}],"collection":[{"href":"https:\/\/www.europesays.com\/de\/wp-json\/wp\/v2\/posts"}],"about":[{"href":"https:\/\/www.europesays.com\/de\/wp-json\/wp\/v2\/types\/post"}],"author":[{"embeddable":true,"href":"https:\/\/www.europesays.com\/de\/wp-json\/wp\/v2\/users\/2"}],"replies":[{"embeddable":true,"href":"https:\/\/www.europesays.com\/de\/wp-json\/wp\/v2\/comments?post=503064"}],"version-history":[{"count":0,"href":"https:\/\/www.europesays.com\/de\/wp-json\/wp\/v2\/posts\/503064\/revisions"}],"wp:featuredmedia":[{"embeddable":true,"href":"https:\/\/www.europesays.com\/de\/wp-json\/wp\/v2\/media\/390718"}],"wp:attachment":[{"href":"https:\/\/www.europesays.com\/de\/wp-json\/wp\/v2\/media?parent=503064"}],"wp:term":[{"taxonomy":"category","embeddable":true,"href":"https:\/\/www.europesays.com\/de\/wp-json\/wp\/v2\/categories?post=503064"},{"taxonomy":"post_tag","embeddable":true,"href":"https:\/\/www.europesays.com\/de\/wp-json\/wp\/v2\/tags?post=503064"}],"curies":[{"name":"wp","href":"https:\/\/api.w.org\/{rel}","templated":true}]}}