{"id":503070,"date":"2025-10-16T11:32:14","date_gmt":"2025-10-16T11:32:14","guid":{"rendered":"https:\/\/www.europesays.com\/de\/503070\/"},"modified":"2025-10-16T11:32:14","modified_gmt":"2025-10-16T11:32:14","slug":"fuehrerschein-umtausch-wer-jetzt-zum-ordnungsamt-sollte","status":"publish","type":"post","link":"https:\/\/www.europesays.com\/de\/503070\/","title":{"rendered":"F\u00fchrerschein-Umtausch \u2013 wer jetzt zum Ordnungsamt sollte"},"content":{"rendered":"<p>Lange Wartezeit <\/p>\n<p>F\u00fchrerschein-Umtausch in Dresden: Diese Jahrg\u00e4nge sind betroffen<\/p>\n<p>16.10.2025 &#8211; 13:09 UhrLesedauer: 1 Min.<\/p>\n<p><a href=\"#focus-0\" class=\"transition-colors duration-200 block text-current relative\" data-sctrack=\"FocusGalleryImage.Reference\"><img fetchpriority=\"high\" data-testid=\"Opener.Image\" style=\"--lqipURL:url('https:\/\/images.t-online.de\/2025\/10\/BDC1oyMn6fRO\/0x109:2048x1152\/fit-in\/150x0\/filters:blur(25)\/bundesverkehrsminister-patrick-schnieder-haelt-die-kosten-fuer-den-fuehrerschein-in-deutschland-fuer-zu-hoch-symbolbild.jpg')\"   loading=\"eager\" src=\"https:\/\/www.europesays.com\/de\/wp-content\/uploads\/2025\/10\/bundesverkehrsminister-patrick-schnieder-haelt-die-kosten-fuer-den-fuehrerschein-in-deutschland-fuer.jpeg\" alt=\"F\u00fchrerschein\" title=\"F\u00fchrerschein\" width=\"2048\" height=\"1152\" class=\"bg-[url:var(--lqipURL)] bg-cover bg-center flex h-full w-full max-w-full\" decoding=\"async\"\/><img style=\"--width:32;--height:32\" loading=\"lazy\" src=\"https:\/\/www.t-online.de\/s\/paper\/_next\/static\/media\/zoom-in.f7dae02f.svg\" alt=\"Vergr\u00f6\u00dfern des Bildes\" title=\"Vergr\u00f6\u00dfern des Bildes\" class=\"block h-[calc(var(--height)_\/_16_*_1rem)] w-[calc(var(--width)_\/_16_*_1rem)] max-w-none absolute bottom-8 right-8 rounded-4 bg-snow p-8\" decoding=\"async\"\/><\/a><\/p>\n<p>Ein F\u00fchrerschein (Symbolbild): Viele Besitzer von Kartenf\u00fchrerscheinen m\u00fcssen diese bis Januar umtauschen. (Quelle: Sven Hoppe\/dpa\/dpa-bilder)<\/p>\n<p class=\"font-bold text-18 leading-17\">Viele EU-Kartenf\u00fchrerscheine laufen im Januar 2026 ab. Wer einen neuen braucht, sollte bald handeln. Das Dresdner Ordnungsamt warnt vor monatelangen Wartezeiten.<\/p>\n<p class=\"text-18 leading-17\">Besitzer von EU-Kartenf\u00fchrerscheinen aus den Jahren 1999 bis 2001 m\u00fcssen diese bis zum 19. Januar 2026 umtauschen. Dies teilt die Landeshauptstadt Dresden am Donnerstag mit.<\/p>\n<p class=\"text-18 leading-17\">Das Ordnungsamt r\u00e4t zur z\u00fcgigen Antragstellung. Kurz vor Fristablauf drohen demnach Wartezeiten von bis zu drei Monaten f\u00fcr die Bearbeitung.<\/p>\n<p class=\"text-18 leading-17\">Der Umtausch funktioniert meist per Post. N\u00f6tig sind ein aktuelles Passbild und Kopien von Personalausweis sowie F\u00fchrerschein (Vorder- und R\u00fcckseite). Das Antragsformular gibt es auf der st\u00e4dtischen Webseite.<\/p>\n<p class=\"text-18 leading-17\">Nach Bearbeitung schickt die Beh\u00f6rde einen Geb\u00fchrenbescheid \u00fcber 26,50 Euro und informiert, wann der neue F\u00fchrerschein abholbereit ist. Die Abholung muss pers\u00f6nlich in der Hauboldstra\u00dfe 7 erfolgen, da der alte F\u00fchrerschein eingezogen wird.<\/p>\n<p class=\"text-18 leading-17\">Wer den Antrag lieber pers\u00f6nlich stellen m\u00f6chte, braucht einen Termin. Die Beh\u00f6rde \u00f6ffnet montags von 9 bis 12 Uhr, dienstags und donnerstags von 9 bis 12 und 13 bis 17 Uhr sowie freitags von 9 bis 12 Uhr. Mittwochs bleibt geschlossen.<\/p>\n<p class=\"text-18 leading-17\">Der neue EU-Kartenf\u00fchrerschein gilt 15 Jahre und muss danach erneuert werden. Die Befristung betrifft nur das Dokument, nicht die Fahrerlaubnis selbst. \u00c4rztliche Untersuchungen oder Pr\u00fcfungen sind nicht n\u00f6tig.<\/p>\n<p class=\"text-18 leading-17\">Mit der Umtauschpflicht setzt Dresden eine EU-Vorgabe um. Bis 2033 m\u00fcssen alle vor dem 19. Januar 2013 ausgestellten F\u00fchrerscheine gegen einheitliche EU-Kartenf\u00fchrerscheine getauscht werden. Seit 2021 wurden in Dresden bereits 68.500 F\u00fchrerscheine erneuert.<\/p>\n","protected":false},"excerpt":{"rendered":"Lange Wartezeit F\u00fchrerschein-Umtausch in Dresden: Diese Jahrg\u00e4nge sind betroffen 16.10.2025 &#8211; 13:09 UhrLesedauer: 1 Min. Ein F\u00fchrerschein (Symbolbild):&hellip;\n","protected":false},"author":2,"featured_media":503071,"comment_status":"","ping_status":"","sticky":false,"template":"","format":"standard","meta":{"footnotes":""},"categories":[1835],"tags":[6027,722,17161,3364,29,2386,548,35,30,125797,859,16259],"class_list":{"0":"post-503070","1":"post","2":"type-post","3":"status-publish","4":"format-standard","5":"has-post-thumbnail","7":"category-dresden","8":"tag-ordnungsamt","9":"tag-722","10":"tag-17161","11":"tag-de","12":"tag-deutschland","13":"tag-dresden","14":"tag-eu","15":"tag-fuehrerschein","16":"tag-germany","17":"tag-kartenfuehrerschein","18":"tag-sachsen","19":"tag-wartezeit"},"share_on_mastodon":{"url":"https:\/\/pubeurope.com\/@de\/115383628791399028","error":""},"_links":{"self":[{"href":"https:\/\/www.europesays.com\/de\/wp-json\/wp\/v2\/posts\/503070","targetHints":{"allow":["GET"]}}],"collection":[{"href":"https:\/\/www.europesays.com\/de\/wp-json\/wp\/v2\/posts"}],"about":[{"href":"https:\/\/www.europesays.com\/de\/wp-json\/wp\/v2\/types\/post"}],"author":[{"embeddable":true,"href":"https:\/\/www.europesays.com\/de\/wp-json\/wp\/v2\/users\/2"}],"replies":[{"embeddable":true,"href":"https:\/\/www.europesays.com\/de\/wp-json\/wp\/v2\/comments?post=503070"}],"version-history":[{"count":0,"href":"https:\/\/www.europesays.com\/de\/wp-json\/wp\/v2\/posts\/503070\/revisions"}],"wp:featuredmedia":[{"embeddable":true,"href":"https:\/\/www.europesays.com\/de\/wp-json\/wp\/v2\/media\/503071"}],"wp:attachment":[{"href":"https:\/\/www.europesays.com\/de\/wp-json\/wp\/v2\/media?parent=503070"}],"wp:term":[{"taxonomy":"category","embeddable":true,"href":"https:\/\/www.europesays.com\/de\/wp-json\/wp\/v2\/categories?post=503070"},{"taxonomy":"post_tag","embeddable":true,"href":"https:\/\/www.europesays.com\/de\/wp-json\/wp\/v2\/tags?post=503070"}],"curies":[{"name":"wp","href":"https:\/\/api.w.org\/{rel}","templated":true}]}}