{"id":503080,"date":"2025-10-16T11:37:10","date_gmt":"2025-10-16T11:37:10","guid":{"rendered":"https:\/\/www.europesays.com\/de\/503080\/"},"modified":"2025-10-16T11:37:10","modified_gmt":"2025-10-16T11:37:10","slug":"weihnachtsmarkt-2025-in-dortmund-gluehweinpreis-steht-fest","status":"publish","type":"post","link":"https:\/\/www.europesays.com\/de\/503080\/","title":{"rendered":"Weihnachtsmarkt 2025 in Dortmund: Gl\u00fchweinpreis steht fest"},"content":{"rendered":"<p>\t\tWas kostet der Gl\u00fchwein auf dem Weihnachtsmarkt 2025 in Dortmund?<br \/>\n\t\t\t\t\tSchausteller nennen Preis<\/p>\n<p>    <a href=\"https:\/\/www.ruhrnachrichten.de\/wp-content\/uploads\/2025\/10\/16\/11\/630_0900_5180599_-1648x824.jpg\" target=\"_blank\" rel=\"noopener\"><\/p>\n<p>            <img loading=\"lazy\" decoding=\"async\" src=\"https:\/\/www.europesays.com\/de\/wp-content\/uploads\/2025\/10\/630_0900_5180292_-640x428.jpg\" width=\"640\" height=\"428\"  alt=\"Luise Arens h\u00e4lt eine Tasse mit Gl\u00fchwein in der Hand und steht auf dem Weihnachtsmarkt in Dortmund.\"\/><\/p>\n<p>    <\/a><br \/>\n    Gl\u00fchwein geh\u00f6rt f\u00fcr viele Besucher zum Weihnachtsmarkt dazu. \u00a9 Thomas Thiel (Archiv)<\/p>\n<p class=\"article__teaser-text\">Gl\u00fchwein z\u00e4hlt f\u00fcr viele Besucher zu den H\u00f6hepunkten auf dem Weihnachtsmarkt. Jetzt steht der Preis f\u00fcr das Getr\u00e4nk in der Dortmunder City fest.<\/p>\n<p>1 Min Lesezeit<\/p>\n<p>Tassen-Design vorerst geheim<\/p>\n","protected":false},"excerpt":{"rendered":"Was kostet der Gl\u00fchwein auf dem Weihnachtsmarkt 2025 in Dortmund? Schausteller nennen Preis Gl\u00fchwein geh\u00f6rt f\u00fcr viele Besucher&hellip;\n","protected":false},"author":2,"featured_media":503081,"comment_status":"","ping_status":"","sticky":false,"template":"","format":"standard","meta":{"footnotes":""},"categories":[1833],"tags":[3364,29,217,30,1209,6185,125798],"class_list":{"0":"post-503080","1":"post","2":"type-post","3":"status-publish","4":"format-standard","5":"has-post-thumbnail","7":"category-dortmund","8":"tag-de","9":"tag-deutschland","10":"tag-dortmund","11":"tag-germany","12":"tag-nordrhein-westfalen","13":"tag-veranstaltungen-kultur","14":"tag-weihnachtsmarkt-dortmund"},"share_on_mastodon":{"url":"https:\/\/pubeurope.com\/@de\/115383648381867844","error":""},"_links":{"self":[{"href":"https:\/\/www.europesays.com\/de\/wp-json\/wp\/v2\/posts\/503080","targetHints":{"allow":["GET"]}}],"collection":[{"href":"https:\/\/www.europesays.com\/de\/wp-json\/wp\/v2\/posts"}],"about":[{"href":"https:\/\/www.europesays.com\/de\/wp-json\/wp\/v2\/types\/post"}],"author":[{"embeddable":true,"href":"https:\/\/www.europesays.com\/de\/wp-json\/wp\/v2\/users\/2"}],"replies":[{"embeddable":true,"href":"https:\/\/www.europesays.com\/de\/wp-json\/wp\/v2\/comments?post=503080"}],"version-history":[{"count":0,"href":"https:\/\/www.europesays.com\/de\/wp-json\/wp\/v2\/posts\/503080\/revisions"}],"wp:featuredmedia":[{"embeddable":true,"href":"https:\/\/www.europesays.com\/de\/wp-json\/wp\/v2\/media\/503081"}],"wp:attachment":[{"href":"https:\/\/www.europesays.com\/de\/wp-json\/wp\/v2\/media?parent=503080"}],"wp:term":[{"taxonomy":"category","embeddable":true,"href":"https:\/\/www.europesays.com\/de\/wp-json\/wp\/v2\/categories?post=503080"},{"taxonomy":"post_tag","embeddable":true,"href":"https:\/\/www.europesays.com\/de\/wp-json\/wp\/v2\/tags?post=503080"}],"curies":[{"name":"wp","href":"https:\/\/api.w.org\/{rel}","templated":true}]}}