{"id":503101,"date":"2025-10-16T11:49:11","date_gmt":"2025-10-16T11:49:11","guid":{"rendered":"https:\/\/www.europesays.com\/de\/503101\/"},"modified":"2025-10-16T11:49:11","modified_gmt":"2025-10-16T11:49:11","slug":"frau-aus-muenchen-vermisst-polizei-bittet-um-hinweise","status":"publish","type":"post","link":"https:\/\/www.europesays.com\/de\/503101\/","title":{"rendered":"Frau aus M\u00fcnchen vermisst: Polizei bittet um Hinweise"},"content":{"rendered":"<ol class=\"id-DonaldBreadcrumb lp_west_breadcrumb id-DonaldBreadcrumb--default\" data-k5a-pos=\"west_breadcrumb\">\n<li class=\"id-Breadcrumb-item\"><a href=\"https:\/\/www.merkur.de\/\" class=\"id-Breadcrumb-link\" data-id-ec=\"{\" shn=\"\" textlink=\"\" data-k5a-pos=\"1_startseite\" rel=\"nofollow noopener\" target=\"_blank\">Startseite<\/a><\/li>\n<li class=\"id-Breadcrumb-item\"><a href=\"https:\/\/www.merkur.de\/lokales\/\" class=\"id-Breadcrumb-link\" data-id-ec=\"{\" shn=\"\" textlink=\"\" data-k5a-pos=\"2_lokales\" rel=\"nofollow noopener\" target=\"_blank\">Lokales<\/a><\/li>\n<li class=\"id-Breadcrumb-item\"><a href=\"https:\/\/www.merkur.de\/lokales\/muenchen\/\" class=\"id-Breadcrumb-link\" data-id-ec=\"{\" shn=\"\" textlink=\"\" data-k5a-pos=\"3_muenchen\" rel=\"nofollow noopener\" target=\"_blank\">M\u00fcnchen<\/a><\/li>\n<\/ol>\n<p class=\"id-Story-timestamp id-Story-timestamp--default\">Stand: 16.10.2025, 13:19 Uhr<\/p>\n<p class=\"id-Story-authors id-Story-authors--default\">Von: <a class=\"id-Story-authors-link lp_west_author\" href=\"https:\/\/www.merkur.de\/autor\/lukas-schierlinger-phbdisrlv.html\" title=\"Zur Autorenseite von Lukas Schierlinger\" data-id-ec=\"{\" shn=\"\" author-link=\"\" schierlinger=\"\" data-k5a-pos=\"west_author\" rel=\"nofollow noopener\" target=\"_blank\">Lukas Schierlinger<\/a><\/p>\n<p class=\"id-Story-interactionBar id-Story-interactionBar--default\">DruckenTeilen<\/p>\n<p><img decoding=\"async\" class=\"id-RatioPlaceholder-element wv_story_el_image\" src=\"https:\/\/www.europesays.com\/de\/wp-content\/uploads\/2025\/10\/40102973-vermisste-aus-muenchen-OnjADujIr7a.jpg\" loading=\"eager\" fetchpriority=\"high\"   height=\"792\" width=\"1408\" alt=\"Vermisste aus M&#xFC;nchen\"\/>Die Polizei hat ein Foto der Gesuchten geteilt. \u00a9\u00a0Imago\/Polizei<\/p>\n<p class=\"id-StoryElement-leadText\">Bei der Suche nach einer vermissten 53-J\u00e4hrigen ist die M\u00fcnchner Polizei auf Unterst\u00fctzung angewiesen. Wer hat die Frau gesehen?<\/p>\n<p class=\"id-StoryElement-paragraph\">M\u00fcnchen \u2013 Seit Mittwochnachmittag (15. Oktober) wird die 53-j\u00e4hrige Sacan \u00dclk\u00fc aus der M\u00fcnchner <a href=\"https:\/\/www.tz.de\/muenchen\/stadt\/maxvorstadt-ort43329\/\" class=\"id-import-Link id-pageApi-Link--externalDomain\" title=\"Maxvorstadt\" data-id-ec=\"{&quot;sht&quot;:&quot;Container&quot;,&quot;shn&quot;:&quot;Story&quot;,&quot;p&quot;:{&quot;containerType&quot;:&quot;Paragraph&quot;,&quot;displayType&quot;:&quot;Paragraph InlineLink&quot;,&quot;type&quot;:&quot;INLINE_LINK&quot;,&quot;value&quot;:&quot;Maxvorstadt&quot;,&quot;variant&quot;:&quot;standardLink&quot;,&quot;sponsored&quot;:false,&quot;linkHref&quot;:&quot;https:\/\/www.tz.de\/muenchen\/stadt\/maxvorstadt-ort43329\/&quot;,&quot;storyElementPosition&quot;:8,&quot;storyElementCount&quot;:15}}\" rel=\"nofollow noopener\" target=\"_blank\">Maxvorstadt<\/a> vermisst. In einer Pressemitteilung zur \u00d6ffentlichkeitsfahndung erkl\u00e4rt die Polizei: \u201eSie befand sich zuletzt mit ihrem Vater auf der Maximilianstra\u00dfe (Altstadt) in M\u00fcnchen. Bei einem unbeobachteten Moment entfernte sie sich von der \u00d6rtlichkeit. Seitdem fehlt von ihr jede Spur.\u201c<\/p>\n<p>Frau aus M\u00fcnchen vermisst: Sie war zuletzt mit ihrem Vater unterwegs<\/p>\n<p class=\"id-StoryElement-paragraph\">Die Vermisste ist schwerbehindert und auf Medikamente angewiesen. \u201eEs ist nicht auszuschlie\u00dfen, dass sie sich in einer hilflosen Lage befindet\u201c, hei\u00dft es vonseiten der Ermittler.<\/p>\n<p class=\"id-StoryElement-paragraph\"><strong>Sacan \u00dckl\u00fc wird im Zuge der \u00d6ffentlichkeitsfahndung wie folgt beschrieben:<\/strong><\/p>\n<ul class=\"id-StoryElement-list id-StoryElement-list--unordered\">\n<li class=\"id-StoryElement-list-item\">Figur:<strong> <\/strong>kr\u00e4ftig<\/li>\n<li class=\"id-StoryElement-list-item\">Haarfarbe:<strong> <\/strong>schwarz (die Gesuchte tr\u00e4gt ein braunes Kopftuch)<\/li>\n<li class=\"id-StoryElement-list-item\">Bekleidung\/mitgef\u00fchrte Gegenst\u00e4nde: Hellblaue Jacke, schwarze Hose, schwarze Schuhe<\/li>\n<\/ul>\n","protected":false},"excerpt":{"rendered":"Startseite Lokales M\u00fcnchen Stand: 16.10.2025, 13:19 Uhr Von: Lukas Schierlinger DruckenTeilen Die Polizei hat ein Foto der Gesuchten&hellip;\n","protected":false},"author":2,"featured_media":503102,"comment_status":"","ping_status":"","sticky":false,"template":"","format":"standard","meta":{"footnotes":""},"categories":[1827],"tags":[772,29,30,1268],"class_list":{"0":"post-503101","1":"post","2":"type-post","3":"status-publish","4":"format-standard","5":"has-post-thumbnail","7":"category-muenchen","8":"tag-bayern","9":"tag-deutschland","10":"tag-germany","11":"tag-muenchen"},"share_on_mastodon":{"url":"https:\/\/pubeurope.com\/@de\/115383695204429345","error":""},"_links":{"self":[{"href":"https:\/\/www.europesays.com\/de\/wp-json\/wp\/v2\/posts\/503101","targetHints":{"allow":["GET"]}}],"collection":[{"href":"https:\/\/www.europesays.com\/de\/wp-json\/wp\/v2\/posts"}],"about":[{"href":"https:\/\/www.europesays.com\/de\/wp-json\/wp\/v2\/types\/post"}],"author":[{"embeddable":true,"href":"https:\/\/www.europesays.com\/de\/wp-json\/wp\/v2\/users\/2"}],"replies":[{"embeddable":true,"href":"https:\/\/www.europesays.com\/de\/wp-json\/wp\/v2\/comments?post=503101"}],"version-history":[{"count":0,"href":"https:\/\/www.europesays.com\/de\/wp-json\/wp\/v2\/posts\/503101\/revisions"}],"wp:featuredmedia":[{"embeddable":true,"href":"https:\/\/www.europesays.com\/de\/wp-json\/wp\/v2\/media\/503102"}],"wp:attachment":[{"href":"https:\/\/www.europesays.com\/de\/wp-json\/wp\/v2\/media?parent=503101"}],"wp:term":[{"taxonomy":"category","embeddable":true,"href":"https:\/\/www.europesays.com\/de\/wp-json\/wp\/v2\/categories?post=503101"},{"taxonomy":"post_tag","embeddable":true,"href":"https:\/\/www.europesays.com\/de\/wp-json\/wp\/v2\/tags?post=503101"}],"curies":[{"name":"wp","href":"https:\/\/api.w.org\/{rel}","templated":true}]}}