{"id":50312,"date":"2025-04-21T19:54:08","date_gmt":"2025-04-21T19:54:08","guid":{"rendered":"https:\/\/www.europesays.com\/de\/50312\/"},"modified":"2025-04-21T19:54:08","modified_gmt":"2025-04-21T19:54:08","slug":"kellerbrand-in-einem-einfamilienhaus-radio-90-1","status":"publish","type":"post","link":"https:\/\/www.europesays.com\/de\/50312\/","title":{"rendered":"Kellerbrand in einem Einfamilienhaus &#8211; Radio 90.1"},"content":{"rendered":"<p>Am heutigen Nachmittag wurde die Feuerwehr zu einem Brand in der Akazienstra\u00dfe alarmiert. Laut Meldung war es zu einem Brandereignis im Keller eines Einfamilienhauses gekommen.<\/p>\n<p>Aus einem Kellerfenster drang bereits dichter schwarzer Rauch ins Freie, alle Bewohner das Haus bereits verlassen.<\/p>\n<p>Der Brand wurde von einem Trupp unter Pressluftatmern mittels eines C-Rohrs gel\u00f6scht. Durch den Einsatz eines Rauchschutzvorhangs und eines Hochleistungsl\u00fcfters konnte die Rauchausbreitung innerhalb des Geb\u00e4udes effektiv verhindert werden. Verletzt wurde niemand.<\/p>\n<p>Im Einsatz waren die Kr\u00e4fte der Feuer- und Rettungswache II (Holt), das Hilfeleistungsl\u00f6schfahrzeug der Feuer- und Rettungswache III (Rheydt), die Einheit Stadtmitte der Freiwilligen Feuerwehr, eine Komponente zur Einsatzstellenhygiene des Technik und Logistikzentrums (Holt), ein Rettungswagen, ein Notarzteinsatzfahrzeug, sowie der F\u00fchrungsdienst der Berufsfeuerwehr.<\/p>\n<p>Einsatzleiter: Brandamtmann Alexander Fl\u00fcgel<\/p>\n<p>R\u00fcckfragen bitte an:<\/p>\n<p>Stadt M\u00f6nchengladbach Fachbereich 37 &#8211; Feuerwehr F\u00fchrungs- und Lagezentrum Stockholtweg 132 41238 M\u00f6nchengladbach<\/p>\n<p>Telefon: 02166\/9989-0 Fax: 02166\/9989-37729 E-Mail: leitstelle.feuerwehr@moenchengladbach.de http:\/\/www.feuerwehr-mg.de\/<\/p>\n<p> Original-Content von: Feuerwehr M\u00f6nchengladbach, \u00fcbermittelt durch news aktuell<\/p>\n","protected":false},"excerpt":{"rendered":"Am heutigen Nachmittag wurde die Feuerwehr zu einem Brand in der Akazienstra\u00dfe alarmiert. Laut Meldung war es zu&hellip;\n","protected":false},"author":2,"featured_media":50313,"comment_status":"","ping_status":"","sticky":false,"template":"","format":"standard","meta":{"footnotes":""},"categories":[1849],"tags":[3364,29,548,663,3934,30,13,4455,14,15,1209,12925,12],"class_list":{"0":"post-50312","1":"post","2":"type-post","3":"status-publish","4":"format-standard","5":"has-post-thumbnail","7":"category-moenchengladbach","8":"tag-de","9":"tag-deutschland","10":"tag-eu","11":"tag-europa","12":"tag-europe","13":"tag-germany","14":"tag-headlines","15":"tag-moenchengladbach","16":"tag-nachrichten","17":"tag-news","18":"tag-nordrhein-westfalen","19":"tag-polizeimeldungen","20":"tag-schlagzeilen"},"share_on_mastodon":{"url":"https:\/\/pubeurope.com\/@de\/114377710953502354","error":""},"_links":{"self":[{"href":"https:\/\/www.europesays.com\/de\/wp-json\/wp\/v2\/posts\/50312","targetHints":{"allow":["GET"]}}],"collection":[{"href":"https:\/\/www.europesays.com\/de\/wp-json\/wp\/v2\/posts"}],"about":[{"href":"https:\/\/www.europesays.com\/de\/wp-json\/wp\/v2\/types\/post"}],"author":[{"embeddable":true,"href":"https:\/\/www.europesays.com\/de\/wp-json\/wp\/v2\/users\/2"}],"replies":[{"embeddable":true,"href":"https:\/\/www.europesays.com\/de\/wp-json\/wp\/v2\/comments?post=50312"}],"version-history":[{"count":0,"href":"https:\/\/www.europesays.com\/de\/wp-json\/wp\/v2\/posts\/50312\/revisions"}],"wp:featuredmedia":[{"embeddable":true,"href":"https:\/\/www.europesays.com\/de\/wp-json\/wp\/v2\/media\/50313"}],"wp:attachment":[{"href":"https:\/\/www.europesays.com\/de\/wp-json\/wp\/v2\/media?parent=50312"}],"wp:term":[{"taxonomy":"category","embeddable":true,"href":"https:\/\/www.europesays.com\/de\/wp-json\/wp\/v2\/categories?post=50312"},{"taxonomy":"post_tag","embeddable":true,"href":"https:\/\/www.europesays.com\/de\/wp-json\/wp\/v2\/tags?post=50312"}],"curies":[{"name":"wp","href":"https:\/\/api.w.org\/{rel}","templated":true}]}}