{"id":503209,"date":"2025-10-16T12:51:20","date_gmt":"2025-10-16T12:51:20","guid":{"rendered":"https:\/\/www.europesays.com\/de\/503209\/"},"modified":"2025-10-16T12:51:20","modified_gmt":"2025-10-16T12:51:20","slug":"pol-h-nachtrag-48-jaehrige-aus-hannover-linden-mitte-weiterhin-vermisst-wer-hat","status":"publish","type":"post","link":"https:\/\/www.europesays.com\/de\/503209\/","title":{"rendered":"POL-H: Nachtrag: 48-J\u00e4hrige aus Hannover-Linden-Mitte weiterhin vermisst &#8211; Wer hat &#8230;"},"content":{"rendered":"<p class=\"date\">16.10.2025 \u2013 14:14<\/p>\n<p class=\"customer\">\n                        <a class=\"story-customer\" title=\"weiter zum newsroom von Polizeidirektion Hannover\" href=\"https:\/\/www.presseportal.de\/blaulicht\/nr\/66841\" rel=\"nofollow noopener\" target=\"_blank\">Polizeidirektion Hannover<\/a>\n                    <\/p>\n<p><a class=\"glightbox event-trigger\" href=\"https:\/\/cache.pressmailing.net\/thumbnail\/story_hires\/2bca3c12-7af6-4259-bf44-ec91240612a3\/Vermisste_01.jpg.jpg\" data-description=\"Vermisste\" data-category=\"medialightbox\" data-action=\"click\" data-label=\"single\" data-value=\"68f0e1c4270000fd2cba5a6a\" rel=\"nofollow noopener\" target=\"_blank\"><img decoding=\"async\" height=\"540\" with=\"720\" src=\"https:\/\/www.europesays.com\/de\/wp-content\/uploads\/2025\/10\/pol-h-nachtrag-48-j-hrige-aus-hannover-linden-mitte-weiterhin-vermisst-wer-hat-sabine-christa-ursula.jpeg\"   alt=\"POL-H: Nachtrag: 48-J\u00e4hrige aus Hannover-Linden-Mitte weiterhin vermisst - Wer hat Sabine Christa Ursula K. gesehen?\" class=\"single\"\/><\/a><\/p>\n<p><a data-category=\"citylink-story-view\" data-action=\"click\" data-label=\"Citylink in Meldungsansicht\" class=\"story-city event-trigger\" href=\"https:\/\/www.presseportal.de\/regional\/Hannover\" title=\"News aus Hannover \" rel=\"nofollow noopener\" target=\"_blank\">Hannover<\/a> (ots)<\/p>\n<p>Seit dem 24.09.2025 sucht das Polizeikommissariat Hannover-Limmer nach der 48 Jahre alten Sabine Christa Ursula K. (wir berichteten: <a target=\"_blank\" class=\"uri-ext outbound\" rel=\"noopener nofollow\" href=\"https:\/\/www.presseportal.de\/blaulicht\/pm\/66841\/6129767\">https:\/\/www.presseportal.de\/blaulicht\/pm\/66841\/6129767<\/a>).<\/p>\n<p>Die Vermisste konnte trotz umfangreicher Such- und Ermittlungsma\u00dfnahmen bislang nicht angetroffen werden. Die Polizei bittet daher erneut die Bev\u00f6lkerung um Mithilfe und ver\u00f6ffentlicht ein weiteres Foto der Frau.<\/p>\n<p>In der Vergangenheit hielt sich Sabine Christa Ursula K. auch mal bei ihrem pflegebed\u00fcrftigen Bruder im Bereich Hameln auf. Auch dort werden B\u00fcrgerinnen und B\u00fcrger gebeten, aufmerksam zu sein.<\/p>\n<p>Die 48-J\u00e4hrige ist etwa 1,70 Meter gro\u00df, von schlanker Statur und hat mittellange dunkle Haare. Zuletzt wurde sie nach Heimangaben mit einer blauen Jacke bekleidet gesehen. M\u00f6glicherweise f\u00fchrt sie ein Kuscheltier mit sich.<\/p>\n<p>Wer Sabine Christa Ursula K. gesehen hat oder Hinweise zu ihrem Aufenthaltsort geben kann, wird gebeten, sich unter der Telefonnummer 0511 109-3920 beim Polizeikommissariat Hannover-Limmer zu melden. Bei einer akuten Sichtung wird um sofortige Kontaktaufnahme \u00fcber den Notruf 110 gebeten. \/ms<\/p>\n<p class=\"contact-headline\">R\u00fcckfragen bitte an:<\/p>\n<p class=\"contact-text\">Polizeidirektion Hannover<br \/>Marcus Schmieder<br \/>Telefon: 0511 109-1040<br \/>E-Mail: <a href=\"https:\/\/www.presseportal.de\/blaulicht\/pm\/66841\/mailto: pressestelle@pd-h.polizei.niedersachsen.de\" class=\"uri-mailto\" rel=\"nofollow noopener\" target=\"_blank\"> pressestelle@pd-h.polizei.niedersachsen.de<\/a><br \/><a target=\"_blank\" class=\"uri-ext outbound\" rel=\"noopener nofollow\" href=\"https:\/\/www.pd-h.polizei-nds.de\">https:\/\/www.pd-h.polizei-nds.de<\/a><\/p>\n<p class=\"originator\">Original-Content von: Polizeidirektion Hannover, \u00fcbermittelt durch news aktuell<\/p>\n","protected":false},"excerpt":{"rendered":"16.10.2025 \u2013 14:14 Polizeidirektion Hannover Hannover (ots) Seit dem 24.09.2025 sucht das Polizeikommissariat Hannover-Limmer nach der 48 Jahre&hellip;\n","protected":false},"author":2,"featured_media":503210,"comment_status":"","ping_status":"","sticky":false,"template":"","format":"standard","meta":{"footnotes":""},"categories":[1836],"tags":[3364,29,30,46,177,5404,1411,121,178,180,179,181],"class_list":{"0":"post-503209","1":"post","2":"type-post","3":"status-publish","4":"format-standard","5":"has-post-thumbnail","7":"category-hannover","8":"tag-de","9":"tag-deutschland","10":"tag-germany","11":"tag-hannover","12":"tag-kriminalitt","13":"tag-ni","14":"tag-niedersachsen","15":"tag-polizei","16":"tag-presse","17":"tag-pressemeldung","18":"tag-pressemitteilung","19":"tag-pressemitteilungen"},"share_on_mastodon":{"url":"https:\/\/pubeurope.com\/@de\/115383938975114375","error":""},"_links":{"self":[{"href":"https:\/\/www.europesays.com\/de\/wp-json\/wp\/v2\/posts\/503209","targetHints":{"allow":["GET"]}}],"collection":[{"href":"https:\/\/www.europesays.com\/de\/wp-json\/wp\/v2\/posts"}],"about":[{"href":"https:\/\/www.europesays.com\/de\/wp-json\/wp\/v2\/types\/post"}],"author":[{"embeddable":true,"href":"https:\/\/www.europesays.com\/de\/wp-json\/wp\/v2\/users\/2"}],"replies":[{"embeddable":true,"href":"https:\/\/www.europesays.com\/de\/wp-json\/wp\/v2\/comments?post=503209"}],"version-history":[{"count":0,"href":"https:\/\/www.europesays.com\/de\/wp-json\/wp\/v2\/posts\/503209\/revisions"}],"wp:featuredmedia":[{"embeddable":true,"href":"https:\/\/www.europesays.com\/de\/wp-json\/wp\/v2\/media\/503210"}],"wp:attachment":[{"href":"https:\/\/www.europesays.com\/de\/wp-json\/wp\/v2\/media?parent=503209"}],"wp:term":[{"taxonomy":"category","embeddable":true,"href":"https:\/\/www.europesays.com\/de\/wp-json\/wp\/v2\/categories?post=503209"},{"taxonomy":"post_tag","embeddable":true,"href":"https:\/\/www.europesays.com\/de\/wp-json\/wp\/v2\/tags?post=503209"}],"curies":[{"name":"wp","href":"https:\/\/api.w.org\/{rel}","templated":true}]}}