{"id":503217,"date":"2025-10-16T12:55:14","date_gmt":"2025-10-16T12:55:14","guid":{"rendered":"https:\/\/www.europesays.com\/de\/503217\/"},"modified":"2025-10-16T12:55:14","modified_gmt":"2025-10-16T12:55:14","slug":"bremen-gewalt-in-drogenkonsumraum-zwei-maenner-verletzt-regional","status":"publish","type":"post","link":"https:\/\/www.europesays.com\/de\/503217\/","title":{"rendered":"Bremen: Gewalt in Drogenkonsumraum \u2013 zwei M\u00e4nner verletzt | Regional"},"content":{"rendered":"<p>Bremen \u2013 <b>Blutige Auseinandersetzung in einem Drogenkonsumraum in der Bremer Innenstadt: Zwei M\u00e4nner wurden verletzt, einer davon schwer und einer lebensgef\u00e4hrlich.<\/b><\/p>\n<p>Polizisten entdeckten die beiden blut\u00fcberstr\u00f6mten M\u00e4nner in einem Nachtquartiercontainer auf dem Gel\u00e4nde des Drogenkonsumraums in der Friedrich-Rauers-Stra\u00dfe. Beide Verletzten erhielten sofortige not\u00e4rztliche Versorgung und wurden in Krankenh\u00e4user eingeliefert.<\/p>\n<p>Der Vorfall ereignete sich am 16.10.2025 um 5.30 Uhr. Die genauen Umst\u00e4nde der Tat sind noch unklar. Die Mordkommission hat die Ermittlungen aufgenommen. Zeugen, die Informationen zu dem Vorfall haben, werden gebeten, sich beim Kriminaldauerdienst unter der Telefonnummer 0421 362-3888 zu melden.<\/p>\n<p>Dieser Text basiert auf einer offiziellen Beh\u00f6rden-Information und wurde mit Hilfe von KI erstellt.<\/p>\n","protected":false},"excerpt":{"rendered":"Bremen \u2013 Blutige Auseinandersetzung in einem Drogenkonsumraum in der Bremer Innenstadt: Zwei M\u00e4nner wurden verletzt, einer davon schwer&hellip;\n","protected":false},"author":2,"featured_media":503218,"comment_status":"","ping_status":"","sticky":false,"template":"","format":"standard","meta":{"footnotes":""},"categories":[1824],"tags":[2420,3364,29,1994,30,1000,2509,2183,45],"class_list":{"0":"post-503217","1":"post","2":"type-post","3":"status-publish","4":"format-standard","5":"has-post-thumbnail","7":"category-bremen","8":"tag-bremen","9":"tag-de","10":"tag-deutschland","11":"tag-drogenhandel","12":"tag-germany","13":"tag-gewalt","14":"tag-ki-ots","15":"tag-mord","16":"tag-texttospeech"},"share_on_mastodon":{"url":"https:\/\/pubeurope.com\/@de\/115383954737967049","error":""},"_links":{"self":[{"href":"https:\/\/www.europesays.com\/de\/wp-json\/wp\/v2\/posts\/503217","targetHints":{"allow":["GET"]}}],"collection":[{"href":"https:\/\/www.europesays.com\/de\/wp-json\/wp\/v2\/posts"}],"about":[{"href":"https:\/\/www.europesays.com\/de\/wp-json\/wp\/v2\/types\/post"}],"author":[{"embeddable":true,"href":"https:\/\/www.europesays.com\/de\/wp-json\/wp\/v2\/users\/2"}],"replies":[{"embeddable":true,"href":"https:\/\/www.europesays.com\/de\/wp-json\/wp\/v2\/comments?post=503217"}],"version-history":[{"count":0,"href":"https:\/\/www.europesays.com\/de\/wp-json\/wp\/v2\/posts\/503217\/revisions"}],"wp:featuredmedia":[{"embeddable":true,"href":"https:\/\/www.europesays.com\/de\/wp-json\/wp\/v2\/media\/503218"}],"wp:attachment":[{"href":"https:\/\/www.europesays.com\/de\/wp-json\/wp\/v2\/media?parent=503217"}],"wp:term":[{"taxonomy":"category","embeddable":true,"href":"https:\/\/www.europesays.com\/de\/wp-json\/wp\/v2\/categories?post=503217"},{"taxonomy":"post_tag","embeddable":true,"href":"https:\/\/www.europesays.com\/de\/wp-json\/wp\/v2\/tags?post=503217"}],"curies":[{"name":"wp","href":"https:\/\/api.w.org\/{rel}","templated":true}]}}