{"id":503230,"date":"2025-10-16T13:02:11","date_gmt":"2025-10-16T13:02:11","guid":{"rendered":"https:\/\/www.europesays.com\/de\/503230\/"},"modified":"2025-10-16T13:02:11","modified_gmt":"2025-10-16T13:02:11","slug":"vera-vorneweg-hat-das-ruebsal-ehrenmal-ueberschrieben","status":"publish","type":"post","link":"https:\/\/www.europesays.com\/de\/503230\/","title":{"rendered":"Vera Vorneweg hat das R\u00fcbsal-Ehrenmal &#8222;\u00fcberschrieben&#8220;"},"content":{"rendered":"<p class=\"text_ohne_einzug richtext text-em-55 !leading-serif mx-6 desktop:mx-0\">Einmal wurde es dann doch ziemlich brenzlig: \u201ePl\u00f6tzlich standen f\u00fcnf Polizisten neben mir und guckten ganz sch\u00f6n skeptisch. Die dachten wohl, ich bin so eine Art illegale Sprayerin\u201c, berichtet Vera Vorneweg. Eine anonyme Meldung hatte die Ordnungsh\u00fcter offenbar auf den Plan gerufen. Zum Gl\u00fcck konnte Vorneweg einen Vertrag mit der Stadt vorweisen, der belegt, dass es sich bei der Beschriftung des Backstein-Sockels des Gefallenen-Ehrenmals von Jupp R\u00fcbsam an der Tonhalle keineswegs um Graffiti-Schmierereien handelt, sondern um ein Kunstprojekt. Und zwar um eines, das aufgrund seiner Einmaligkeit die Menschen dazu bewegt hat, fasziniert an- und innezuhalten und das Gespr\u00e4ch mit der K\u00fcnstlerin zu suchen.<\/p>\n","protected":false},"excerpt":{"rendered":"Einmal wurde es dann doch ziemlich brenzlig: \u201ePl\u00f6tzlich standen f\u00fcnf Polizisten neben mir und guckten ganz sch\u00f6n skeptisch.&hellip;\n","protected":false},"author":2,"featured_media":503231,"comment_status":"","ping_status":"","sticky":false,"template":"","format":"standard","meta":{"footnotes":""},"categories":[1831],"tags":[3364,29,3405,30,55103,1209],"class_list":{"0":"post-503230","1":"post","2":"type-post","3":"status-publish","4":"format-standard","5":"has-post-thumbnail","7":"category-duesseldorf","8":"tag-de","9":"tag-deutschland","10":"tag-duesseldorf","11":"tag-germany","12":"tag-kunstprojekt","13":"tag-nordrhein-westfalen"},"share_on_mastodon":{"url":"https:\/\/pubeurope.com\/@de\/115383982160708214","error":""},"_links":{"self":[{"href":"https:\/\/www.europesays.com\/de\/wp-json\/wp\/v2\/posts\/503230","targetHints":{"allow":["GET"]}}],"collection":[{"href":"https:\/\/www.europesays.com\/de\/wp-json\/wp\/v2\/posts"}],"about":[{"href":"https:\/\/www.europesays.com\/de\/wp-json\/wp\/v2\/types\/post"}],"author":[{"embeddable":true,"href":"https:\/\/www.europesays.com\/de\/wp-json\/wp\/v2\/users\/2"}],"replies":[{"embeddable":true,"href":"https:\/\/www.europesays.com\/de\/wp-json\/wp\/v2\/comments?post=503230"}],"version-history":[{"count":0,"href":"https:\/\/www.europesays.com\/de\/wp-json\/wp\/v2\/posts\/503230\/revisions"}],"wp:featuredmedia":[{"embeddable":true,"href":"https:\/\/www.europesays.com\/de\/wp-json\/wp\/v2\/media\/503231"}],"wp:attachment":[{"href":"https:\/\/www.europesays.com\/de\/wp-json\/wp\/v2\/media?parent=503230"}],"wp:term":[{"taxonomy":"category","embeddable":true,"href":"https:\/\/www.europesays.com\/de\/wp-json\/wp\/v2\/categories?post=503230"},{"taxonomy":"post_tag","embeddable":true,"href":"https:\/\/www.europesays.com\/de\/wp-json\/wp\/v2\/tags?post=503230"}],"curies":[{"name":"wp","href":"https:\/\/api.w.org\/{rel}","templated":true}]}}