{"id":503250,"date":"2025-10-16T13:13:18","date_gmt":"2025-10-16T13:13:18","guid":{"rendered":"https:\/\/www.europesays.com\/de\/503250\/"},"modified":"2025-10-16T13:13:18","modified_gmt":"2025-10-16T13:13:18","slug":"wo-die-u-bahnlinie-in-der-city-halten-soll","status":"publish","type":"post","link":"https:\/\/www.europesays.com\/de\/503250\/","title":{"rendered":"Wo die U-Bahnlinie in der City halten soll"},"content":{"rendered":"<p class=\"expressive-copy-lg-body\">Die neue <strong>U5<\/strong> soll Anschluss am <strong>Stephansplatz<\/strong> in der<strong> Hamburger Innenstadt<\/strong> erhalten. Daf\u00fcr wird eine neue Doppelhaltestelle f\u00fcr die U5 und die bestehende U1 gebaut, wie die Hochbahn mitteilte. Die Z\u00fcge der beiden Linien sollen jeweils gegen\u00fcber halten.\u00a0<\/p>\n<p>   Politik. Macht. Hamburg.<\/p>\n<p class=\"text-body2 mt-2\">Der Newsletter zur Hamburger Politik \u2013 fundiert, kompakt, jeden Donnerstag.<\/p>\n<p class=\"text-caption text-copy-secondary\">\n          Mit meiner Anmeldung zum Newsletter stimme ich der<br \/>\n          <a href=\"https:\/\/www.abendblatt.de\/service\/newsletter-adconsent\" class=\"text-overline text-copy-accent-negative dark:underline\" target=\"_blank\" rel=\"noopener\">Werbevereinbarung<\/a><br \/>\n          zu.\n        <\/p>\n<p class=\"expressive-copy-lg-body\">Die neue Haltestelle soll n\u00e4her als die bisherige an den Bahnhof Dammtor r\u00fccken. Damit soll der Umstieg zur S-Bahn sowie dem Regional- und Fernverkehr k\u00fcrzer werden. Mittlerweile steht ein Siegerentwurf f\u00fcr die neue Haltestelle fest, wie die Hochbahn weiter mittelte.\u00a0<\/p>\n<p class=\"expressive-copy-lg-body\">Der im September 2022 begonnene Bau der U5 gilt als Deutschlands gr\u00f6\u00dftes U-Bahn-Projekt. Auf einer Strecke von 25 Kilometern soll sie von 2040 an von Ost nach West durch die Stadt f\u00fchren. F\u00fcr die U5 entstehen 22 neue Haltestellen.<\/p>\n<p rel=\"author\" class=\"text-brand\">dpa<\/p>\n","protected":false},"excerpt":{"rendered":"Die neue U5 soll Anschluss am Stephansplatz in der Hamburger Innenstadt erhalten. Daf\u00fcr wird eine neue Doppelhaltestelle f\u00fcr&hellip;\n","protected":false},"author":2,"featured_media":503251,"comment_status":"","ping_status":"","sticky":false,"template":"","format":"standard","meta":{"footnotes":""},"categories":[1826],"tags":[29,30,692],"class_list":{"0":"post-503250","1":"post","2":"type-post","3":"status-publish","4":"format-standard","5":"has-post-thumbnail","7":"category-hamburg","8":"tag-deutschland","9":"tag-germany","10":"tag-hamburg"},"share_on_mastodon":{"url":"https:\/\/pubeurope.com\/@de\/115384025423278860","error":""},"_links":{"self":[{"href":"https:\/\/www.europesays.com\/de\/wp-json\/wp\/v2\/posts\/503250","targetHints":{"allow":["GET"]}}],"collection":[{"href":"https:\/\/www.europesays.com\/de\/wp-json\/wp\/v2\/posts"}],"about":[{"href":"https:\/\/www.europesays.com\/de\/wp-json\/wp\/v2\/types\/post"}],"author":[{"embeddable":true,"href":"https:\/\/www.europesays.com\/de\/wp-json\/wp\/v2\/users\/2"}],"replies":[{"embeddable":true,"href":"https:\/\/www.europesays.com\/de\/wp-json\/wp\/v2\/comments?post=503250"}],"version-history":[{"count":0,"href":"https:\/\/www.europesays.com\/de\/wp-json\/wp\/v2\/posts\/503250\/revisions"}],"wp:featuredmedia":[{"embeddable":true,"href":"https:\/\/www.europesays.com\/de\/wp-json\/wp\/v2\/media\/503251"}],"wp:attachment":[{"href":"https:\/\/www.europesays.com\/de\/wp-json\/wp\/v2\/media?parent=503250"}],"wp:term":[{"taxonomy":"category","embeddable":true,"href":"https:\/\/www.europesays.com\/de\/wp-json\/wp\/v2\/categories?post=503250"},{"taxonomy":"post_tag","embeddable":true,"href":"https:\/\/www.europesays.com\/de\/wp-json\/wp\/v2\/tags?post=503250"}],"curies":[{"name":"wp","href":"https:\/\/api.w.org\/{rel}","templated":true}]}}