{"id":503257,"date":"2025-10-16T13:17:15","date_gmt":"2025-10-16T13:17:15","guid":{"rendered":"https:\/\/www.europesays.com\/de\/503257\/"},"modified":"2025-10-16T13:17:15","modified_gmt":"2025-10-16T13:17:15","slug":"autofahrer-faehrt-zweijaehriger-ueber-den-fuss","status":"publish","type":"post","link":"https:\/\/www.europesays.com\/de\/503257\/","title":{"rendered":"Autofahrer f\u00e4hrt Zweij\u00e4hriger \u00fcber den Fu\u00df"},"content":{"rendered":"<p class=\"tspBHk0 tspBHk1\">Ein Autofahrer hat am Mittwoch in Berlin-Marzahn ein zweij\u00e4hriges M\u00e4dchen angefahren. Ersten Erkenntnissen der Polizei zufolge soll das Kleinkind gegen 15.10 Uhr im Beisein einer 20-j\u00e4hrigen Familienangeh\u00f6rigen die Fahrbahn der Mehrower Allee \u00fcberquert haben. Dann soll das Kind von einer Mittelinsel aus pl\u00f6tzlich auf die Stra\u00dfe gelaufen sein.<\/p>\n<p> Mehr Polizeimeldungen aus Berlin <a href=\"https:\/\/www.tagesspiegel.de\/berlin\/fast-zehn-jahre-haft-fur-femizid-in-spandau-60-jahriger-prugelt-frau-mit-kantholz-zu-tode-und-geht-ins-gefangnis-14583878.html?icid=topic-list_14585351___\" data-gtm-class=\"article-mzt-link\" class=\"tspBRlv\" rel=\"nofollow noopener\" target=\"_blank\">Fast zehn Jahre Haft f\u00fcr Femizid in Spandau 60-J\u00e4hriger pr\u00fcgelt Frau mit Kantholz zu Tode und geht ins Gef\u00e4ngnis <\/a><a href=\"https:\/\/www.tagesspiegel.de\/berlin\/bezirke\/neukoelln\/antisemitische-morddrohungen-gegen-kneipe-bajszel-neukollner-bezirksverordnete-erklaren-sich-solidarisch--linke-stimmen-dagegen-14582066.html?icid=topic-list_14585351___\" data-gtm-class=\"article-mzt-link\" class=\"tspBRlv\" rel=\"nofollow noopener\" target=\"_blank\">Antisemitische Morddrohungen gegen Kneipe \u201eBajszel\u201c Neuk\u00f6llner Bezirksverordnete erkl\u00e4ren sich solidarisch \u2013 Linke stimmen dagegen <\/a><a href=\"https:\/\/www.tagesspiegel.de\/berlin\/bezirke\/pankow\/behorden-reagieren-auf-illegalen-musikclub-zerstoren-die-neuen-party-spatis-die-berliner-mischung-14581970.html?icid=topic-list_14585351___\" data-gtm-class=\"article-mzt-link\" class=\"tspBRlv\" rel=\"nofollow noopener\" target=\"_blank\">Beh\u00f6rden reagieren auf illegalen Musikclub Zerst\u00f6ren die neuen Party-Sp\u00e4tis die \u201eBerliner Mischung?\u201c <\/a><\/p>\n<p class=\"tspBHk0\">Ein 67-j\u00e4hriger Autofahrer fuhr \u00fcber den Fu\u00df des Kindes, wodurch das M\u00e4dchen st\u00fcrzte und sich den Kopf am Auto stie\u00df. Das Kind wurde im Beisein seiner Mutter, die hinzugerufen wurde, zur station\u00e4ren Behandlung in ein Krankenhaus gebracht. Die Ermittlungen laufen. (Tsp)<\/p>\n","protected":false},"excerpt":{"rendered":"Ein Autofahrer hat am Mittwoch in Berlin-Marzahn ein zweij\u00e4hriges M\u00e4dchen angefahren. Ersten Erkenntnissen der Polizei zufolge soll das&hellip;\n","protected":false},"author":2,"featured_media":503258,"comment_status":"","ping_status":"","sticky":false,"template":"","format":"standard","meta":{"footnotes":""},"categories":[1825],"tags":[296,29,94201,30],"class_list":{"0":"post-503257","1":"post","2":"type-post","3":"status-publish","4":"format-standard","5":"has-post-thumbnail","7":"category-berlin","8":"tag-berlin","9":"tag-deutschland","10":"tag-fahrrad-und-verkehr-in-berlin","11":"tag-germany"},"share_on_mastodon":{"url":"https:\/\/pubeurope.com\/@de\/115384041101183438","error":""},"_links":{"self":[{"href":"https:\/\/www.europesays.com\/de\/wp-json\/wp\/v2\/posts\/503257","targetHints":{"allow":["GET"]}}],"collection":[{"href":"https:\/\/www.europesays.com\/de\/wp-json\/wp\/v2\/posts"}],"about":[{"href":"https:\/\/www.europesays.com\/de\/wp-json\/wp\/v2\/types\/post"}],"author":[{"embeddable":true,"href":"https:\/\/www.europesays.com\/de\/wp-json\/wp\/v2\/users\/2"}],"replies":[{"embeddable":true,"href":"https:\/\/www.europesays.com\/de\/wp-json\/wp\/v2\/comments?post=503257"}],"version-history":[{"count":0,"href":"https:\/\/www.europesays.com\/de\/wp-json\/wp\/v2\/posts\/503257\/revisions"}],"wp:featuredmedia":[{"embeddable":true,"href":"https:\/\/www.europesays.com\/de\/wp-json\/wp\/v2\/media\/503258"}],"wp:attachment":[{"href":"https:\/\/www.europesays.com\/de\/wp-json\/wp\/v2\/media?parent=503257"}],"wp:term":[{"taxonomy":"category","embeddable":true,"href":"https:\/\/www.europesays.com\/de\/wp-json\/wp\/v2\/categories?post=503257"},{"taxonomy":"post_tag","embeddable":true,"href":"https:\/\/www.europesays.com\/de\/wp-json\/wp\/v2\/tags?post=503257"}],"curies":[{"name":"wp","href":"https:\/\/api.w.org\/{rel}","templated":true}]}}