{"id":503300,"date":"2025-10-16T13:41:11","date_gmt":"2025-10-16T13:41:11","guid":{"rendered":"https:\/\/www.europesays.com\/de\/503300\/"},"modified":"2025-10-16T13:41:11","modified_gmt":"2025-10-16T13:41:11","slug":"rouven-schroeder-soll-verein-auf-vordermann-bringen","status":"publish","type":"post","link":"https:\/\/www.europesays.com\/de\/503300\/","title":{"rendered":"Rouven Schr\u00f6der soll Verein auf Vordermann bringen"},"content":{"rendered":"<p class=\"css-1q8kfuz\">Aus der Mozartstadt nach M\u00f6nchengladbach: Rouven Schr\u00f6der spielt bei der kriselnden Borussia k\u00fcnftig als neuer starker Mann die erste Geige.<\/p>\n<p class=\"css-1cmglxz\">Der Ex-Profi Rouven Schr\u00f6der, der am Samstag 50 Jahre alt wird, wird als Nachfolger von Roland Virkus neuer Sportchef der vom Abstieg bedrohten Fohlen, bei denen er aus dem Stand mehrere Baustellen bearbeiten muss.<\/p>\n<p class=\"css-1cmglxz\">&#8222;Wir sind davon \u00fcberzeugt, dass es ihm gemeinsam mit dem Team Sport gelingen wird, sowohl die unmittelbaren Herausforderungen zu meistern als auch die sportliche Zukunft erfolgreich zu gestalten&#8220;, sagte <a data-li-document-ref=\"558062\" href=\"https:\/\/www.ran.de\/sports\/fussball\/borussia-moenchengladbach\" target=\"_blank\" rel=\"noopener\">Borussia M\u00f6nchengladbach<\/a>s Gesch\u00e4ftsf\u00fchrer Stefan Stegemann. Am Donnerstag wird der Sauerl\u00e4nder offiziell vorgestellt.<\/p>\n<p class=\"css-1cmglxz\">F\u00fcr Schr\u00f6der zahlt Gladbach eine kolportierte Abl\u00f6sesumme von bis zu einer Million Euro an RB Salzburg. Beim \u00f6sterreichischen Spitzenklub war er seit seinem Amtsantritt im Dezember 2024 nie richtig gl\u00fccklich geworden, weshalb er dem erneuten Werben der Borussia nun nachgab.<\/p>\n<p class=\"css-1cmglxz\">Schon 2022 war Schr\u00f6der, damals noch Sportdirektor bei <a data-li-document-ref=\"443187\" href=\"https:\/\/www.ran.de\/sports\/fussball\/fc-schalke04\" target=\"_blank\" rel=\"noopener\">Schalke 04<\/a>, als Nachfolger von Max Eberl bei Gladbach im Gespr\u00e4ch gewesen. Damals bekam Virkus den Job, dessen Nachfolger Schr\u00f6der nun wird.<\/p>\n<p>Rouven Schr\u00f6der vor Trainer-Herausforderung<\/p>\n<p class=\"css-1cmglxz\">Auf Schr\u00f6der, der in der Bundesliga bereits f\u00fcr den <a data-li-document-ref=\"558497\" href=\"https:\/\/www.ran.de\/sports\/fussball\/1-fsv-mainz05\" target=\"_blank\" rel=\"noopener\">FSV Mainz 05<\/a>, RB Leipzig und Schalke als Funktion\u00e4r arbeitete, wartet direkt ein Berg Arbeit. Zun\u00e4chst gilt es, die Trainerfrage zu kl\u00e4ren. Seit dem Rauswurf von Gerardo Seoane am 15. September betreut Eugen Polanski die Gladbacher &#8222;bis auf Weiteres&#8220;, also auch am Freitag <a href=\"https:\/\/www.ran.de\/sports\/ticker\/ma11199662\/liveticker?from=%2Flive\" target=\"_blank\" rel=\"noopener\">(20.30 Uhr im Liveticker auf ran.de)<\/a> im Ausw\u00e4rtsspiel gegen <a data-li-document-ref=\"558488\" href=\"https:\/\/www.ran.de\/sports\/fussball\/1-fc-union-berlin\" target=\"_blank\" rel=\"noopener\">Union Berlin<\/a>.<\/p>\n<p class=\"css-1cmglxz\">Doch auch unter Polanski lief es nur geringf\u00fcgig besser: Mit drei Punkten aus sechs Spielen ist Gladbach Tabellenvorletzter. Der letzte Sieg in der Bundesliga datiert bereits vom 29. M\u00e4rz, es folgten 13 Spiele ohne Dreier.<\/p>\n<p class=\"css-1cmglxz\">Nun soll es endlich wieder aufw\u00e4rts gehen. &#8222;Rouven Schr\u00f6der verf\u00fcgt neben der Erfahrung \u00fcber die n\u00f6tigen Kompetenzen und die kommunikativen F\u00e4higkeiten, die es f\u00fcr diese anspruchsvolle Aufgabe braucht&#8220;, sagte Stegemann.<\/p>\n<p>Schr\u00f6der in Salzburg in Ungnade gefallen<\/p>\n<p class=\"css-1cmglxz\">In Salzburg war Schr\u00f6der zuletzt in Ungnade gefallen sein, auch weil er den Klub \u00fcber seine Planungen mit Gladbach im Unklaren lie\u00df.<\/p>\n<p class=\"css-1cmglxz\">&#8222;Wir waren doch recht \u00fcberrascht, als wir kurzfristig von Rouvens Wechselwunsch erfahren haben&#8220;, sagte Gesch\u00e4ftsf\u00fchrer Stephan Reiter am Dienstag: &#8222;Letztendlich haben wir dem aber zugestimmt, auch wenn der Zeitpunkt f\u00fcr den FC Red Bull Salzburg keinesfalls optimal ist.&#8220;<\/p>\n<p class=\"css-1cmglxz\">Nach der Trainer-Entscheidung muss Schr\u00f6der vor allem das wichtige Winter-Transferfenster vorbereiten. Um den dritten Abstieg der Vereinsgeschichte zu verhindern, muss die Borussia wohl noch einmal nachbessern. Zudem muss der Neue die Verhandlungen mit Spielern angehen, deren Vertr\u00e4ge 2026 oder 2027 auslaufen. Langweilig wird ihm so schnell am Niederrhein also nicht.<\/p>\n","protected":false},"excerpt":{"rendered":"Aus der Mozartstadt nach M\u00f6nchengladbach: Rouven Schr\u00f6der spielt bei der kriselnden Borussia k\u00fcnftig als neuer starker Mann die&hellip;\n","protected":false},"author":2,"featured_media":503301,"comment_status":"","ping_status":"","sticky":false,"template":"","format":"standard","meta":{"footnotes":""},"categories":[1849],"tags":[9835,299,3364,29,548,663,3934,347,30,14337,13,4455,14,15,1209,12,36941,30473,5843,10434],"class_list":{"0":"post-503300","1":"post","2":"type-post","3":"status-publish","4":"format-standard","5":"has-post-thumbnail","7":"category-moenchengladbach","8":"tag-borussia","9":"tag-bundesliga","10":"tag-de","11":"tag-deutschland","12":"tag-eu","13":"tag-europa","14":"tag-europe","15":"tag-fussball","16":"tag-germany","17":"tag-gladbach","18":"tag-headlines","19":"tag-moenchengladbach","20":"tag-nachrichten","21":"tag-news","22":"tag-nordrhein-westfalen","23":"tag-schlagzeilen","24":"tag-schroeder","25":"tag-sportdirektor","26":"tag-trainer","27":"tag-verein"},"share_on_mastodon":{"url":"https:\/\/pubeurope.com\/@de\/115384135470884900","error":""},"_links":{"self":[{"href":"https:\/\/www.europesays.com\/de\/wp-json\/wp\/v2\/posts\/503300","targetHints":{"allow":["GET"]}}],"collection":[{"href":"https:\/\/www.europesays.com\/de\/wp-json\/wp\/v2\/posts"}],"about":[{"href":"https:\/\/www.europesays.com\/de\/wp-json\/wp\/v2\/types\/post"}],"author":[{"embeddable":true,"href":"https:\/\/www.europesays.com\/de\/wp-json\/wp\/v2\/users\/2"}],"replies":[{"embeddable":true,"href":"https:\/\/www.europesays.com\/de\/wp-json\/wp\/v2\/comments?post=503300"}],"version-history":[{"count":0,"href":"https:\/\/www.europesays.com\/de\/wp-json\/wp\/v2\/posts\/503300\/revisions"}],"wp:featuredmedia":[{"embeddable":true,"href":"https:\/\/www.europesays.com\/de\/wp-json\/wp\/v2\/media\/503301"}],"wp:attachment":[{"href":"https:\/\/www.europesays.com\/de\/wp-json\/wp\/v2\/media?parent=503300"}],"wp:term":[{"taxonomy":"category","embeddable":true,"href":"https:\/\/www.europesays.com\/de\/wp-json\/wp\/v2\/categories?post=503300"},{"taxonomy":"post_tag","embeddable":true,"href":"https:\/\/www.europesays.com\/de\/wp-json\/wp\/v2\/tags?post=503300"}],"curies":[{"name":"wp","href":"https:\/\/api.w.org\/{rel}","templated":true}]}}