{"id":503309,"date":"2025-10-16T13:46:11","date_gmt":"2025-10-16T13:46:11","guid":{"rendered":"https:\/\/www.europesays.com\/de\/503309\/"},"modified":"2025-10-16T13:46:11","modified_gmt":"2025-10-16T13:46:11","slug":"tanita-tikaram-im-interview-ich-fuehle-mich-in-meinem-land-wie-eine-fremde-singer-songwriter-pop","status":"publish","type":"post","link":"https:\/\/www.europesays.com\/de\/503309\/","title":{"rendered":"Tanita Tikaram im Interview: \u201eIch f\u00fchle mich in meinem Land wie eine Fremde\u201c &#8211; Singer-Songwriter-Pop"},"content":{"rendered":"<p class=\"rhp-dpa-teaser\"><b>Am 10. Oktober erschien ihr neues Album, am 22. Oktober steht Tanita Tikaram im Karlsruher Tollhaus auf der B\u00fchne. Ein Gespr\u00e4ch \u00fcber Politik, Poesie und vegane Bratwurst.<\/b><\/p>\n<p>Ein Blick zur\u00fcck in den Herbst des Jahres 1988:  Mit \u201eTwist In My Sobriety\u201c, ihrer zweiten Single aus dem Deb\u00fctalbum \u201eAncient Heart\u201c, erobert eine bis dato unbekannte S\u00e4ngerin aus <a class=\"rtr-entity\" data-rtr-entity=\"London\" data-rtr-id=\"5cbc09821cf5e970246c3e0120c088e53fe600a5\" data-rtr-score=\"7.379425459017833\" data-rtr-etype=\"location\" data-rtr-index=\"36\" href=\"https:\/\/www.rheinpfalz.de\/themen\/london?utm_source=rheinpfalz.de&amp;utm_medium=tms&amp;utm_campaign=intext\" target=\"_blank\" rel=\"noopener\">London<\/a> die europ\u00e4ischen Hitparaden. Allein in <a class=\"rtr-entity\" data-rtr-entity=\"Deutschland\" data-rtr-id=\"6c48d7d5b099c64b41367070a52ae27833560fd5\" data-rtr-score=\"44.094702626724064\" data-rtr-etype=\"location\" data-rtr-index=\"11\" href=\"https:\/\/www.rheinpfalz.de\/themen\/deutschland?utm_source=rheinpfalz.de&amp;utm_medium=tms&amp;utm_campaign=intext\" target=\"_blank\" rel=\"noopener\">Deutschland<\/a><\/p>\n<p> kann sich Tanita Tikaram 20<\/p>\n<p class=\"\">Bitte loggen Sie sich ein um den Artikel im Klartext zu sehen.<\/p>\n<p class=\"\">ehncoW in dne thrCas .enlath hIer etief emitmS dun die zatr ezupnfetg kAsuti-Aokkekrd rtsenegieb ol-kF dun P-paFnso  cNha edir hfgreicenoerl beAln hta aiTmrka ereisbt tim 22 nJehra urgsogteas. ieS  chsi ichtn erhm ,enneierdr ctamh rih sengiee Dngi ndu borertpi chsi ,uas titerreew hir lmscaikushesi etkSrupm um<\/p>\n","protected":false},"excerpt":{"rendered":"Am 10. Oktober erschien ihr neues Album, am 22. Oktober steht Tanita Tikaram im Karlsruher Tollhaus auf der&hellip;\n","protected":false},"author":2,"featured_media":503310,"comment_status":"","ping_status":"","sticky":false,"template":"","format":"standard","meta":{"footnotes":""},"categories":[1844],"tags":[125834,1634,296,125839,125833,3364,29,2507,30,692,125835,2134,8903,80,125838,4060,4036,125836,125837,624,106221],"class_list":{"0":"post-503309","1":"post","2":"type-post","3":"status-publish","4":"format-standard","5":"has-post-thumbnail","7":"category-karlsruhe","8":"tag-andy-monaghan","9":"tag-baden-wuerttemberg","10":"tag-berlin","11":"tag-chris-roberts","12":"tag-christian-hanelt","13":"tag-de","14":"tag-deutschland","15":"tag-freizeit","16":"tag-germany","17":"tag-hamburg","18":"tag-helen-ohara","19":"tag-interview","20":"tag-karlsruhe","21":"tag-kultur","22":"tag-lewis-mclaughlin","23":"tag-lokal","24":"tag-london","25":"tag-marc-pell","26":"tag-mittelengland","27":"tag-ratgeber","28":"tag-tanita-tikaram"},"share_on_mastodon":{"url":"https:\/\/pubeurope.com\/@de\/115384155300952578","error":""},"_links":{"self":[{"href":"https:\/\/www.europesays.com\/de\/wp-json\/wp\/v2\/posts\/503309","targetHints":{"allow":["GET"]}}],"collection":[{"href":"https:\/\/www.europesays.com\/de\/wp-json\/wp\/v2\/posts"}],"about":[{"href":"https:\/\/www.europesays.com\/de\/wp-json\/wp\/v2\/types\/post"}],"author":[{"embeddable":true,"href":"https:\/\/www.europesays.com\/de\/wp-json\/wp\/v2\/users\/2"}],"replies":[{"embeddable":true,"href":"https:\/\/www.europesays.com\/de\/wp-json\/wp\/v2\/comments?post=503309"}],"version-history":[{"count":0,"href":"https:\/\/www.europesays.com\/de\/wp-json\/wp\/v2\/posts\/503309\/revisions"}],"wp:featuredmedia":[{"embeddable":true,"href":"https:\/\/www.europesays.com\/de\/wp-json\/wp\/v2\/media\/503310"}],"wp:attachment":[{"href":"https:\/\/www.europesays.com\/de\/wp-json\/wp\/v2\/media?parent=503309"}],"wp:term":[{"taxonomy":"category","embeddable":true,"href":"https:\/\/www.europesays.com\/de\/wp-json\/wp\/v2\/categories?post=503309"},{"taxonomy":"post_tag","embeddable":true,"href":"https:\/\/www.europesays.com\/de\/wp-json\/wp\/v2\/tags?post=503309"}],"curies":[{"name":"wp","href":"https:\/\/api.w.org\/{rel}","templated":true}]}}