{"id":503311,"date":"2025-10-16T13:47:11","date_gmt":"2025-10-16T13:47:11","guid":{"rendered":"https:\/\/www.europesays.com\/de\/503311\/"},"modified":"2025-10-16T13:47:11","modified_gmt":"2025-10-16T13:47:11","slug":"gemeinsam-wirken-fuer-mehr-natur-am-rhein-kreis-karlsruhe","status":"publish","type":"post","link":"https:\/\/www.europesays.com\/de\/503311\/","title":{"rendered":"Gemeinsam wirken f\u00fcr mehr Natur am Rhein &#8211; Kreis Karlsruhe"},"content":{"rendered":"<p class=\"rhp-dpa-teaser\"><b>Eine Vereinbarung  zur \u00f6kologischen Verbesserung der Ufer und Auen am Rhein haben der Nabu  und das  Land Baden-W\u00fcrttemberg unterzeichnet.<\/b><\/p>\n<p>Renaturierte Gew\u00e4sser werden angesichts der Natur- und Klimakrise immer wichtiger. Das Projekt verhindert, dass die <a class=\"rtr-entity\" data-rtr-entity=\"Auen\" data-rtr-id=\"8d4344e63e6eb604dee5260c2b42e804f9b6afe0\" data-rtr-score=\"47.51006325474411\" data-rtr-etype=\"location\" data-rtr-index=\"16\" href=\"https:\/\/www.rheinpfalz.de\/themen\/auen?utm_source=rheinpfalz.de&amp;utm_medium=tms&amp;utm_campaign=intext\" rel=\"nofollow noopener\" target=\"_blank\">Auen<\/a> weiter austrocknen und verlanden\u201c, so  Nabu-Pr\u00e4sident J\u00f6rg-Andreas Kr\u00fcger. Mit der Kooperation sichere man die herausragende biologische Vielfalt am <a class=\"rtr-entity\" data-rtr-entity=\"Oberrhein\" data-rtr-id=\"e11f26ca9071d25ca3bf1a94d069e41267f5012b\" data-rtr-score=\"18.96779758481886\" data-rtr-etype=\"location\" data-rtr-index=\"8\" href=\"https:\/\/www.rheinpfalz.de\/themen\/oberrhein?utm_source=rheinpfalz.de&amp;utm_medium=tms&amp;utm_campaign=intext\" rel=\"nofollow noopener\" target=\"_blank\">Oberrhein<\/a>. Verteilt auf drei Abschnitte zwischen Rastatt und Dettenheim werden eng aufeinander abgestimmte Projekte umgesetzt. Das in der Zust\u00e4ndigkeit des <a class=\"rtr-entity\" data-rtr-entity=\"Naturschutzbund Deutschland\" data-rtr-id=\"2b94623958b99b03d212e383cad7e4f3c995ca46\" data-rtr-score=\"69.32949971247844\" data-rtr-etype=\"organisation\" data-rtr-index=\"19\" href=\"https:\/\/www.rheinpfalz.de\/themen\/naturschutzbund-deutschland?utm_source=rheinpfalz.de&amp;utm_medium=tms&amp;utm_campaign=intext\" rel=\"nofollow noopener\" target=\"_blank\">Nabu<\/a> liegende Projekt \u201eOberrhein zwischen Rastatt und Dettenheim\u201c wird durch das <a class=\"rtr-entity\" data-rtr-entity=\"Bundesamt f\u00fcr Naturschutz\" data-rtr-id=\"e80802da0c1f35839c91ddf7c6e0772601dcbf45\" data-rtr-score=\"10.600920069005175\" data-rtr-etype=\"organisation\" data-rtr-index=\"0\" href=\"https:\/\/www.rheinpfalz.de\/themen\/bundesamt-fuer-naturschutz?utm_source=rheinpfalz.de&amp;utm_medium=tms&amp;utm_campaign=intext\" rel=\"nofollow noopener\" target=\"_blank\">Bundesamt f\u00fcr Naturschutz<\/a> im F\u00f6rderprogramm Auen gef\u00f6rdert.  <\/p>\n<p>Die Kooperationspartner wollen eine naturn\u00e4here Entwicklung des Rheins und seiner Auen erreichen. Ufervegetation soll wiederhergestellt,   Auegew\u00e4sser so angebunden werden, dass Lebensr\u00e4ume und Laichpl\u00e4tze f\u00fcr  Wasserlebewesen erhalten oder wieder geschaffen werden.  Die Verbindung des Gew\u00e4ssernetzes sei  Schl\u00fcssel f\u00fcr das \u00dcberleben zahlreicher Arten.<\/p>\n<p>Laut Ralf Ponath, Dezernatsleiter bei der  Generaldirektion Wasserstra\u00dfen und Schifffahrt (GDWS), sei das Ziel,   die \u00f6kologische Qualit\u00e4t des Rheins nachhaltig zu verbessern, im Einklang mit den Anforderungen an eine leistungsf\u00e4hige und sichere Schifffahrt. \u201eDurch den Gew\u00e4sserausbau fehlt der Aue die f\u00fcr viele Arten lebensnotwendige Dynamik,\u201c so Daniel Raddatz, Referatsleiter f\u00fcr Naturschutz am Regierungspr\u00e4sidium <a class=\"rtr-entity\" data-rtr-entity=\"Karlsruhe\" data-rtr-id=\"80c7016b06fa35b3df6c5c0b41fd6df26fb493b1\" data-rtr-score=\"6.589994249568719\" data-rtr-etype=\"location\" data-rtr-index=\"7\" href=\"https:\/\/www.rheinpfalz.de\/themen\/karlsruhe?utm_source=rheinpfalz.de&amp;utm_medium=tms&amp;utm_campaign=intext\" rel=\"nofollow noopener\" target=\"_blank\">Karlsruhe<\/a>. \u00d6kologische Verbesserungen der Rheinauen seien daher  seit langem ein Arbeitsschwerpunkt.  Wiederherstellung der Natur und die Nutzung wie am  intensiv genutzten Oberrhein seien umsetzbar, sagte Sabine Riewenherm, Pr\u00e4sidentin des Bundesamtes f\u00fcr Naturschutz.<\/p>\n<p class=\"rhp-closing-headline\">Noch Fragen?<\/p>\n<p class=\"rhp-closing-credits\">www.NABU.de\/Rhein<\/p>\n","protected":false},"excerpt":{"rendered":"Eine Vereinbarung zur \u00f6kologischen Verbesserung der Ufer und Auen am Rhein haben der Nabu und das Land Baden-W\u00fcrttemberg&hellip;\n","protected":false},"author":2,"featured_media":503312,"comment_status":"","ping_status":"","sticky":false,"template":"","format":"standard","meta":{"footnotes":""},"categories":[1844],"tags":[125841,1634,58074,3364,125840,29,30,8903,4060,38609,54610,1429,5206],"class_list":{"0":"post-503311","1":"post","2":"type-post","3":"status-publish","4":"format-standard","5":"has-post-thumbnail","7":"category-karlsruhe","8":"tag-auen","9":"tag-baden-wuerttemberg","10":"tag-bundesamt-fuer-naturschutz","11":"tag-de","12":"tag-dettenheim","13":"tag-deutschland","14":"tag-germany","15":"tag-karlsruhe","16":"tag-lokal","17":"tag-naturschutzbund-deutschland","18":"tag-oberrhein","19":"tag-rastatt","20":"tag-rhein"},"share_on_mastodon":{"url":"https:\/\/pubeurope.com\/@de\/115384159056689395","error":""},"_links":{"self":[{"href":"https:\/\/www.europesays.com\/de\/wp-json\/wp\/v2\/posts\/503311","targetHints":{"allow":["GET"]}}],"collection":[{"href":"https:\/\/www.europesays.com\/de\/wp-json\/wp\/v2\/posts"}],"about":[{"href":"https:\/\/www.europesays.com\/de\/wp-json\/wp\/v2\/types\/post"}],"author":[{"embeddable":true,"href":"https:\/\/www.europesays.com\/de\/wp-json\/wp\/v2\/users\/2"}],"replies":[{"embeddable":true,"href":"https:\/\/www.europesays.com\/de\/wp-json\/wp\/v2\/comments?post=503311"}],"version-history":[{"count":0,"href":"https:\/\/www.europesays.com\/de\/wp-json\/wp\/v2\/posts\/503311\/revisions"}],"wp:featuredmedia":[{"embeddable":true,"href":"https:\/\/www.europesays.com\/de\/wp-json\/wp\/v2\/media\/503312"}],"wp:attachment":[{"href":"https:\/\/www.europesays.com\/de\/wp-json\/wp\/v2\/media?parent=503311"}],"wp:term":[{"taxonomy":"category","embeddable":true,"href":"https:\/\/www.europesays.com\/de\/wp-json\/wp\/v2\/categories?post=503311"},{"taxonomy":"post_tag","embeddable":true,"href":"https:\/\/www.europesays.com\/de\/wp-json\/wp\/v2\/tags?post=503311"}],"curies":[{"name":"wp","href":"https:\/\/api.w.org\/{rel}","templated":true}]}}