{"id":503319,"date":"2025-10-16T13:51:17","date_gmt":"2025-10-16T13:51:17","guid":{"rendered":"https:\/\/www.europesays.com\/de\/503319\/"},"modified":"2025-10-16T13:51:17","modified_gmt":"2025-10-16T13:51:17","slug":"moenchengladbach-polanski-bleibt-vorerst-moenchengladbach-trainer","status":"publish","type":"post","link":"https:\/\/www.europesays.com\/de\/503319\/","title":{"rendered":"M\u00f6nchengladbach | Polanski bleibt vorerst M\u00f6nchengladbach-Trainer"},"content":{"rendered":"<p>M\u00f6nchengladbach (dpa) &#8211; Eugen Polanski bleibt vorerst Cheftrainer von Borussia M\u00f6nchengladbach. Dies erkl\u00e4rte Rouven Schr\u00f6der, der neue Sportchef des Clubs, bei seiner Vorstellung. \u00abWir geben uns kein Zeitfenster. Die \u00dcberzeugung ist da, Eugen Polanski strahlt etwas Positives aus und ist unser Cheftrainer\u00bb, sagte Schr\u00f6der. \u00abEr macht einen guten und klaren Eindruck\u00bb, befand der neue Head of Sports bei Borussia.<\/p>\n<p>Polanski hatte den Job nach der Trennung der Gladbacher von Gerardo Seoane zun\u00e4chst interimistisch \u00fcbernommen und aus den Spielen gegen Bayer Leverkusen (1:1), Eintracht Frankfurt (4:6) und SC Freiburg (0:0) bislang erst zwei Punkte geholt. Damit hat der Club in der Fu\u00dfball-Bundesliga einen vereinsinternen Negativrekord von 13 sieglosen Spielen am St\u00fcck aufgestellt.\u00a0<\/p>\n<p>Schr\u00f6der wurde am Donnerstag als Nachfolger von Sportdirektor Roland Virkus vorgestellt. \u00abBei mir ist sofort der Funke \u00fcbergesprungen. Ich war sofort \u00fcberzeugt davon, diesen Schritt zu gehen\u00bb, sagte der 49-J\u00e4hrige. Polanski erkl\u00e4rte, dass er es cool finde, dass Schr\u00f6der den Job \u00fcbernimmt. \u00abEs ist einer, der auch mit der anderen Position h\u00e4tte zufrieden sein k\u00f6nnen. Er h\u00e4tte sein Geld vern\u00fcnftig verdient gehabt und entscheidet sich bewusst f\u00fcr Borussia M\u00f6nchengladbach. Das spricht f\u00fcr ihn\u00bb, sagte Borussias Coach.<\/p>\n","protected":false},"excerpt":{"rendered":"M\u00f6nchengladbach (dpa) &#8211; Eugen Polanski bleibt vorerst Cheftrainer von Borussia M\u00f6nchengladbach. Dies erkl\u00e4rte Rouven Schr\u00f6der, der neue Sportchef&hellip;\n","protected":false},"author":2,"featured_media":503320,"comment_status":"","ping_status":"","sticky":false,"template":"","format":"standard","meta":{"footnotes":""},"categories":[1841],"tags":[1605,815,299,3364,29,347,30,1209],"class_list":{"0":"post-503319","1":"post","2":"type-post","3":"status-publish","4":"format-standard","5":"has-post-thumbnail","7":"category-bielefeld","8":"tag-bielefeld","9":"tag-borussia-moenchengladbach","10":"tag-bundesliga","11":"tag-de","12":"tag-deutschland","13":"tag-fussball","14":"tag-germany","15":"tag-nordrhein-westfalen"},"share_on_mastodon":{"url":"https:\/\/pubeurope.com\/@de\/115384174728295168","error":""},"_links":{"self":[{"href":"https:\/\/www.europesays.com\/de\/wp-json\/wp\/v2\/posts\/503319","targetHints":{"allow":["GET"]}}],"collection":[{"href":"https:\/\/www.europesays.com\/de\/wp-json\/wp\/v2\/posts"}],"about":[{"href":"https:\/\/www.europesays.com\/de\/wp-json\/wp\/v2\/types\/post"}],"author":[{"embeddable":true,"href":"https:\/\/www.europesays.com\/de\/wp-json\/wp\/v2\/users\/2"}],"replies":[{"embeddable":true,"href":"https:\/\/www.europesays.com\/de\/wp-json\/wp\/v2\/comments?post=503319"}],"version-history":[{"count":0,"href":"https:\/\/www.europesays.com\/de\/wp-json\/wp\/v2\/posts\/503319\/revisions"}],"wp:featuredmedia":[{"embeddable":true,"href":"https:\/\/www.europesays.com\/de\/wp-json\/wp\/v2\/media\/503320"}],"wp:attachment":[{"href":"https:\/\/www.europesays.com\/de\/wp-json\/wp\/v2\/media?parent=503319"}],"wp:term":[{"taxonomy":"category","embeddable":true,"href":"https:\/\/www.europesays.com\/de\/wp-json\/wp\/v2\/categories?post=503319"},{"taxonomy":"post_tag","embeddable":true,"href":"https:\/\/www.europesays.com\/de\/wp-json\/wp\/v2\/tags?post=503319"}],"curies":[{"name":"wp","href":"https:\/\/api.w.org\/{rel}","templated":true}]}}