{"id":503321,"date":"2025-10-16T13:52:13","date_gmt":"2025-10-16T13:52:13","guid":{"rendered":"https:\/\/www.europesays.com\/de\/503321\/"},"modified":"2025-10-16T13:52:13","modified_gmt":"2025-10-16T13:52:13","slug":"helge-lindh-spd-zu-wehrdienst","status":"publish","type":"post","link":"https:\/\/www.europesays.com\/de\/503321\/","title":{"rendered":"Helge Lindh (SPD) zu Wehrdienst"},"content":{"rendered":"<p class=\"small date article__date\">Ver\u00f6ffentlicht:\u00a0Donnerstag, 16.10.2025 15:34<\/p>\n<p>Die SPD-Fraktion im Bundestag setzt beim neuen Wehrdienst vollst\u00e4ndig auf Freiwilligkeit. Das hat der Wuppertaler Bundestagsabgeordnete Helge Lindh auf Nachfrage von Radio Wuppertal mitgeteilt. F\u00fcr unsere Verteidigungsf\u00e4higkeit m\u00fcssten wieder mehr Menschen f\u00fcr den Dienst an der Waffe gewonnen werden, sagte Lindh. Die SPD-Fraktion habe klar vereinbart, dass ein solcher Dienst auf freiwilliger Basis angelegt sein muss. Die CDU sieht eine Bedarfswehrpflicht nach einem Losverfahren vor. Die CDU wirft Bundesverteidigungsminister Pistorius vor, den gemeinsamen schwarz-roten Entwurf torpediert zu haben. Pistorius verlangt fl\u00e4chendeckende Musterungen,\u00a0\u00a0<\/p>\n<p>die im Kompromiss nicht enthalten seien.<\/p>\n<p><img decoding=\"async\" alt=\"\" src=\"https:\/\/www.europesays.com\/de\/wp-content\/uploads\/2025\/10\/lindh_christoph_busse_pressefoto.jpg&#038;crop=0x0x3543x2214&#038;resize=1280x799&#038;dt=202101061144210.jpeg\" data-size=\"1280x799\"\/><\/p>\n","protected":false},"excerpt":{"rendered":"Ver\u00f6ffentlicht:\u00a0Donnerstag, 16.10.2025 15:34 Die SPD-Fraktion im Bundestag setzt beim neuen Wehrdienst vollst\u00e4ndig auf Freiwilligkeit. Das hat der Wuppertaler&hellip;\n","protected":false},"author":2,"featured_media":503322,"comment_status":"","ping_status":"","sticky":false,"template":"","format":"standard","meta":{"footnotes":""},"categories":[1840],"tags":[3275,3364,29,30,1209,4418],"class_list":{"0":"post-503321","1":"post","2":"type-post","3":"status-publish","4":"format-standard","5":"has-post-thumbnail","7":"category-wuppertal","8":"tag-lokalnachrichten","9":"tag-de","10":"tag-deutschland","11":"tag-germany","12":"tag-nordrhein-westfalen","13":"tag-wuppertal"},"share_on_mastodon":{"url":"https:\/\/pubeurope.com\/@de\/115384179329784703","error":""},"_links":{"self":[{"href":"https:\/\/www.europesays.com\/de\/wp-json\/wp\/v2\/posts\/503321","targetHints":{"allow":["GET"]}}],"collection":[{"href":"https:\/\/www.europesays.com\/de\/wp-json\/wp\/v2\/posts"}],"about":[{"href":"https:\/\/www.europesays.com\/de\/wp-json\/wp\/v2\/types\/post"}],"author":[{"embeddable":true,"href":"https:\/\/www.europesays.com\/de\/wp-json\/wp\/v2\/users\/2"}],"replies":[{"embeddable":true,"href":"https:\/\/www.europesays.com\/de\/wp-json\/wp\/v2\/comments?post=503321"}],"version-history":[{"count":0,"href":"https:\/\/www.europesays.com\/de\/wp-json\/wp\/v2\/posts\/503321\/revisions"}],"wp:featuredmedia":[{"embeddable":true,"href":"https:\/\/www.europesays.com\/de\/wp-json\/wp\/v2\/media\/503322"}],"wp:attachment":[{"href":"https:\/\/www.europesays.com\/de\/wp-json\/wp\/v2\/media?parent=503321"}],"wp:term":[{"taxonomy":"category","embeddable":true,"href":"https:\/\/www.europesays.com\/de\/wp-json\/wp\/v2\/categories?post=503321"},{"taxonomy":"post_tag","embeddable":true,"href":"https:\/\/www.europesays.com\/de\/wp-json\/wp\/v2\/tags?post=503321"}],"curies":[{"name":"wp","href":"https:\/\/api.w.org\/{rel}","templated":true}]}}