{"id":503338,"date":"2025-10-16T14:04:10","date_gmt":"2025-10-16T14:04:10","guid":{"rendered":"https:\/\/www.europesays.com\/de\/503338\/"},"modified":"2025-10-16T14:04:10","modified_gmt":"2025-10-16T14:04:10","slug":"iwf-herbsttagung-europa-eingeklemmt-und-abgehaengt","status":"publish","type":"post","link":"https:\/\/www.europesays.com\/de\/503338\/","title":{"rendered":"IWF-Herbsttagung: Europa eingeklemmt und abgeh\u00e4ngt"},"content":{"rendered":"<p class=\"text_ohne_einzug richtext text-em-55 !leading-serif mx-6 desktop:mx-0\">Internationale Tagungen geben den Vertretern der versammelten Nationen einen guten Eindruck davon, wo sie selbst im globalen Wettbewerb stehen. Bei der Herbsttagung des Internationalen W\u00e4hrungsfonds (IWF) in <a href=\"https:\/\/rp-online.de\/thema\/washington\/\" target=\"_blank\" rel=\"noopener\">Washington<\/a> sch\u00e4tzten viele Teilnehmer die wirtschaftliche Lage Europas und insbesondere Deutschlands als schlecht, schwach und schwierig ein: W\u00e4hrend die <a href=\"https:\/\/rp-online.de\/thema\/usa\/\" target=\"_blank\" rel=\"noopener\">USA<\/a> mit ihren boomenden KI-Konzernen davonziehen und US-Pr\u00e4sident <a href=\"https:\/\/rp-online.de\/thema\/donald-trump\/\" target=\"_blank\" rel=\"noopener\">Donald Trump<\/a> die Welt mit seiner Zollpolitik in Atem h\u00e4lt, beherrscht <a href=\"https:\/\/rp-online.de\/thema\/china\/\" target=\"_blank\" rel=\"noopener\">China<\/a> das weltweite Angebot an seltenen Erden, jenen Rohstoffen, die f\u00fcr die Produktion der meisten Industrieg\u00fcter unerl\u00e4sslich sind. China hat l\u00e4ngst auch den Automarkt, den Maschinenbau und andere M\u00e4rkte erobert, in denen fr\u00fcher die deutsche Industrie f\u00fchrend war. Diese Zeiten sind vorbei. <a href=\"https:\/\/rp-online.de\/thema\/europa\/\" target=\"_blank\" rel=\"noopener\">Europa<\/a> steckt in einer Sandwich-Position zwischen den beiden konkurrierenden Weltm\u00e4chten fest und hat noch keine Antwort darauf, wie es sich behaupten und den eigenen Wohlstand sichern kann.<\/p>\n","protected":false},"excerpt":{"rendered":"Internationale Tagungen geben den Vertretern der versammelten Nationen einen guten Eindruck davon, wo sie selbst im globalen Wettbewerb&hellip;\n","protected":false},"author":2,"featured_media":503339,"comment_status":"","ping_status":"","sticky":false,"template":"","format":"standard","meta":{"footnotes":""},"categories":[3933],"tags":[331,332,3057,227,29,106,548,663,3952,158,3934,3935,13,125842,23377,13543,14,15,12,27624,320],"class_list":{"0":"post-503338","1":"post","2":"type-post","3":"status-publish","4":"format-standard","5":"has-post-thumbnail","7":"category-eu","8":"tag-aktuelle-nachrichten","9":"tag-aktuelle-news","10":"tag-amerika","11":"tag-china","12":"tag-deutschland","13":"tag-donald-trump","14":"tag-eu","15":"tag-europa","16":"tag-europaeer","17":"tag-europaeische-union","18":"tag-europe","19":"tag-european-union","20":"tag-headlines","21":"tag-herbsttagung","22":"tag-internationale","23":"tag-iwf","24":"tag-nachrichten","25":"tag-news","26":"tag-schlagzeilen","27":"tag-waehrungsfonds","28":"tag-washington"},"share_on_mastodon":{"url":"https:\/\/pubeurope.com\/@de\/115384225871645927","error":""},"_links":{"self":[{"href":"https:\/\/www.europesays.com\/de\/wp-json\/wp\/v2\/posts\/503338","targetHints":{"allow":["GET"]}}],"collection":[{"href":"https:\/\/www.europesays.com\/de\/wp-json\/wp\/v2\/posts"}],"about":[{"href":"https:\/\/www.europesays.com\/de\/wp-json\/wp\/v2\/types\/post"}],"author":[{"embeddable":true,"href":"https:\/\/www.europesays.com\/de\/wp-json\/wp\/v2\/users\/2"}],"replies":[{"embeddable":true,"href":"https:\/\/www.europesays.com\/de\/wp-json\/wp\/v2\/comments?post=503338"}],"version-history":[{"count":0,"href":"https:\/\/www.europesays.com\/de\/wp-json\/wp\/v2\/posts\/503338\/revisions"}],"wp:featuredmedia":[{"embeddable":true,"href":"https:\/\/www.europesays.com\/de\/wp-json\/wp\/v2\/media\/503339"}],"wp:attachment":[{"href":"https:\/\/www.europesays.com\/de\/wp-json\/wp\/v2\/media?parent=503338"}],"wp:term":[{"taxonomy":"category","embeddable":true,"href":"https:\/\/www.europesays.com\/de\/wp-json\/wp\/v2\/categories?post=503338"},{"taxonomy":"post_tag","embeddable":true,"href":"https:\/\/www.europesays.com\/de\/wp-json\/wp\/v2\/tags?post=503338"}],"curies":[{"name":"wp","href":"https:\/\/api.w.org\/{rel}","templated":true}]}}