{"id":503342,"date":"2025-10-16T14:06:14","date_gmt":"2025-10-16T14:06:14","guid":{"rendered":"https:\/\/www.europesays.com\/de\/503342\/"},"modified":"2025-10-16T14:06:14","modified_gmt":"2025-10-16T14:06:14","slug":"fc-bayern-so-erklaert-harry-kane-seinen-antrieb-auf-der-titeljagd","status":"publish","type":"post","link":"https:\/\/www.europesays.com\/de\/503342\/","title":{"rendered":"FC Bayern: So erkl\u00e4rt Harry Kane seinen Antrieb auf der Titeljagd"},"content":{"rendered":"<p>Viel deutet auf Verl\u00e4ngerung hin\u00a0<\/p>\n<p>                                    <img decoding=\"async\" src=\"https:\/\/www.europesays.com\/de\/wp-content\/uploads\/2025\/10\/harry-kane-fc-bayern-2025-26-1758918028-178777.jpg\" title=\"FC Bayern: So erkl\u00e4rt Harry Kane seinen Antrieb auf der Titeljagd\" alt=\"FC Bayern: So erkl\u00e4rt Harry Kane seinen Antrieb auf der Titeljagd\"\/><\/p>\n<p>\n                                       \u00a9IMAGO\n                                    <\/p>\n<p>21 Scorer aus zehn Spielen ist bis dato die Bilanz von <a title=\"FC Bayern M\u00fcnchen\" href=\"https:\/\/www.transfermarkt.de\/fc-bayern-m-nchen\/startseite\/verein\/27\" target=\"_blank\" rel=\"noopener\">Bayern M\u00fcnchens<\/a> Top-St\u00fcrmer <a title=\"Harry Kane\" href=\"https:\/\/www.transfermarkt.de\/harry-kane\/profil\/spieler\/132098\" target=\"_blank\" rel=\"noopener\">Harry Kane<\/a> in der laufenden Saison. Der 32-J\u00e4hrige hat seit seiner Verpflichtung 2023 die Messlatte mehr als einmal h\u00f6her gelegt. Zuletzt wurde immer wieder \u00fcber eine nahende Vertragsverl\u00e4ngerung des Engl\u00e4nders spekuliert, der sich unter der Woche <a href=\"https:\/\/www.transfermarkt.de\/mit-kane-rekord-england-holt-wm-ticket-spater-schock-fur-portugal-spanien-auf-kurs\/view\/news\/461664\" target=\"_blank\" rel=\"noopener\">mit den Three Lions einen Platz bei der WM 2026 in Kanada, Mexiko und den USA gesichert hat<\/a>. Ebenso gab es insbesondere auf der Insel Ger\u00fcchte \u00fcber eine m\u00f6gliche\u00a0<a title=\"Premier League\" href=\"https:\/\/www.transfermarkt.de\/premier-league\/startseite\/wettbewerb\/GB1\" target=\"_blank\" rel=\"noopener\">Premier-League<\/a>-R\u00fcckkehr. Im Interview mit \u201e<a href=\"https:\/\/www.nytimes.com\/athletic\/6693524\/2025\/10\/16\/harry-kane-bayern-tottenham-england\/\" target=\"_blank\" rel=\"noopener\">The Athletic<\/a>\u201c bezog Kane nun erneut Stellung.<\/p>\n<p><\/p>\n<p>Insgesamt habe der Wechsel zum FC Bayern ihn in seiner Entwicklung nicht nur als Spieler, sondern auch als Mensch vorangebracht, sagte Kane. \u201eBis man etwas tats\u00e4chlich erlebt, ist es schwer, wirklich einzusch\u00e4tzen, wie es sein wird\u201c, erkl\u00e4rte der St\u00fcrmer mit Blick auf den Umzug seiner Familie in ein fremdes Land. Er k\u00f6nne \u00fcber Deutschland aber nur Positives berichten. \u201eIch glaube, es herrscht die Vorstellung, dass die Deutschen vielleicht ein bisschen m\u00fcrrisch und k\u00fchl sind. Aber sie haben einen gro\u00dfartigen Sinn f\u00fcr Humor und sind wirklich bodenst\u00e4ndige Menschen, die harte Arbeit und Bescheidenheit lieben. (\u2026) Alle reden \u00fcber Fu\u00dfball, alle lieben Fu\u00dfball. Selbst wenn ich unterwegs bin oder die Kinder von der Schule abhole, machen mir alle Komplimente, wenn ich Tore schie\u00dfe. Es ist wie eine gro\u00dfe Gemeinschaft.\u201c<\/p>\n<p><\/p>\n<p>\u201eAus professioneller Sicht war es gro\u00dfartig, neue Erfahrungen zu sammeln und mein Talent einem gr\u00f6\u00dferen Teil der Welt zu zeigen. Es hat mir geholfen, ein noch besserer und erfolgreicherer Spieler zu werden. Die Premier League ist wahrscheinlich die gr\u00f6\u00dfte Liga der Welt, daher ist einem gar nicht bewusst, wie gro\u00df die anderen Ligen und ihre Fangemeinden sind. Jedes Stadion, in das wir gehen, ist voll. Die Atmosph\u00e4re ist fantastisch\u201c, so Kane weiter.<\/p>\n<p><\/p>\n<p>Nicht wenige Experten schrieben in den letzten Wochen vom besten Kane, den es jemals gab. Der Kontrakt des langj\u00e4hrigen Tottenham-Profis an der S\u00e4bener Stra\u00dfe ist noch bis 2027 datiert, f\u00fcr eine R\u00fcckkehr nach England soll es Berichten zufolge eine ab 2026 g\u00fcltige Ausstiegsklausel geben, die dem Vernehmen nach bei rund 65 Millionen Euro liegt \u2013 10 Millionen unterhalb von Kanes aktuellem Marktwert.<\/p>\n<p><\/p>\n<p>\u201eIch versuche, mich anzupassen und die verschiedenen Kulturen zu verstehen \u2013 pers\u00f6nlich ist das gro\u00dfartig\u201c, so Kane weiter \u00fcber seine Zeit in M\u00fcnchen, wo er erstmals in seiner fu\u00dfballerischen Laufbahn einen gro\u00dfen Titel gewinnen konnte. Der auch <a href=\"https:\/\/www.transfermarkt.de\/bayerns-kane-prasentiert-transfermarkt-award-fur-beeindruckende-bundesliga-saison-2024-25\/view\/news\/461033\" target=\"_blank\" rel=\"noopener\">von den Transfermarkt-Usern zum Bundesliga-Spieler der vergangenen Saison gew\u00e4hlte Angreifer<\/a> holte in seinem zweiten Jahr die Meisterschaft und gewann den Supercup. \u201eVom Beginn meiner Karriere bis zu diesem Moment war es harte Arbeit. Viele H\u00f6hen und Tiefen, viele knappe Momente. Mit den Jahren, je n\u00e4her man dem Ziel kommt, bin ich nur noch motivierter geworden, die Ziellinie zu \u00fcberqueren und die erste Troph\u00e4e zu gewinnen\u201c, sagte Kane mit Blick auf seine langj\u00e4hrige Durststrecke.<\/p>\n<p>\nKane will mit FC Bayern noch mehr Titel gewinnen<\/p>\n<p>Auch die Feierlichkeiten im Anschluss an den Titelgewinn seien \u201eein besonderes Gef\u00fchl\u201c gewesen, gab der Engl\u00e4nder zu Protokoll. \u201eWir hatten ein Restaurant gemietet und haben uns einfach zusammen betrunken und gefeiert. Dann den Pokal in der Allianz Arena vor den Fans hochzuhalten und einmal dabei zu sein, war etwas ganz Besonderes. (\u2026) Das sind die Momente, die alles wert sind. Man arbeitet das ganze Jahr \u00fcber so hart, ist viel unterwegs und trainiert viel. In den zehn oder zw\u00f6lf Jahren, die ich spiele, hatte ich noch nie so eine Feier \u2026 es war sch\u00f6n, dieses Gef\u00fchl zu haben.\u201c<\/p>\n<p><a href=\"https:\/\/www.transfermarkt.de\/fc-bayern-munchen\/detail\/forum\/10\" target=\"_blank\" rel=\"noopener\"><br \/>\n    <img loading=\"lazy\" decoding=\"async\" class=\"innews\" src=\"https:\/\/www.europesays.com\/de\/wp-content\/uploads\/2025\/04\/fc-bayern-forum-innews-banner-community-1717489823-138379.jpg\" alt=\"Jetzt im Forum \u00fcber den FC Bayern diskutieren.\" width=\"503\" height=\"148\"\/><\/p>\n<p><\/a><\/p>\n<p>Dass Kanes Zukunft in M\u00fcnchen eine Dauer \u00fcber 2027 hinaus haben k\u00f6nnte, darf man anhand solcher Aussagen zumindest vermuten. Auch Bayerns Finanzvorstand <a title=\"Jan-Christian Dreesen\" href=\"https:\/\/www.transfermarkt.de\/jan-christian-dreesen\/profil\/trainer\/27524\" target=\"_blank\" rel=\"noopener\">Jan-Christian Dreesen<\/a> hatte sich dahingehend und mit Verweis auf Kanes Leistungsdaten k\u00fcrzlich optimistisch pr\u00e4sentiert: \u201eEntgegen aller Kassandrarufe vor zwei Jahren wird Harry von Jahr zu Jahr besser. Wenn sich das fortsetzt, ist die Antwort eindeutig.\u201c<\/p>\n<p>Der Profi selbst lie\u00df keinen Zweifel aufkommen, dass er mit seiner Titeljagd beim FC Bayern l\u00e4ngst nicht am Ende ist: \u201eGewinnen ist fast wie eine Droge. Man will es schaffen, man will es erreichen. Wenn man so etwas erreicht, denkt man vielleicht: \u201aOkay, ich habe geschafft, was ich wollte, und kann mich ein bisschen entspannen.\u2018 Aber ich bin in die andere Richtung gegangen und habe mir gesagt: \u201aOkay, ich will jetzt noch mehr erreichen. Ich m\u00f6chte dieses Gef\u00fchl mit noch gr\u00f6\u00dferen Troph\u00e4en und bei noch gr\u00f6\u00dferen Anl\u00e4ssen erleben. Kann ich mich verbessern und das schaffen?\u2018\u201c<\/p>\n<p><\/p>\n","protected":false},"excerpt":{"rendered":"Viel deutet auf Verl\u00e4ngerung hin\u00a0 \u00a9IMAGO 21 Scorer aus zehn Spielen ist bis dato die Bilanz von Bayern&hellip;\n","protected":false},"author":2,"featured_media":503343,"comment_status":"","ping_status":"","sticky":false,"template":"","format":"standard","meta":{"footnotes":""},"categories":[5],"tags":[331,332,299,3364,29,458,30,11709,13,34757,14,15,12],"class_list":{"0":"post-503342","1":"post","2":"type-post","3":"status-publish","4":"format-standard","5":"has-post-thumbnail","7":"category-nachrichten","8":"tag-aktuelle-nachrichten","9":"tag-aktuelle-news","10":"tag-bundesliga","11":"tag-de","12":"tag-deutschland","13":"tag-fc-bayern-muenchen","14":"tag-germany","15":"tag-harry-kane","16":"tag-headlines","17":"tag-jan-christian-dreesen","18":"tag-nachrichten","19":"tag-news","20":"tag-schlagzeilen"},"share_on_mastodon":{"url":"https:\/\/pubeurope.com\/@de\/115384234475987637","error":""},"_links":{"self":[{"href":"https:\/\/www.europesays.com\/de\/wp-json\/wp\/v2\/posts\/503342","targetHints":{"allow":["GET"]}}],"collection":[{"href":"https:\/\/www.europesays.com\/de\/wp-json\/wp\/v2\/posts"}],"about":[{"href":"https:\/\/www.europesays.com\/de\/wp-json\/wp\/v2\/types\/post"}],"author":[{"embeddable":true,"href":"https:\/\/www.europesays.com\/de\/wp-json\/wp\/v2\/users\/2"}],"replies":[{"embeddable":true,"href":"https:\/\/www.europesays.com\/de\/wp-json\/wp\/v2\/comments?post=503342"}],"version-history":[{"count":0,"href":"https:\/\/www.europesays.com\/de\/wp-json\/wp\/v2\/posts\/503342\/revisions"}],"wp:featuredmedia":[{"embeddable":true,"href":"https:\/\/www.europesays.com\/de\/wp-json\/wp\/v2\/media\/503343"}],"wp:attachment":[{"href":"https:\/\/www.europesays.com\/de\/wp-json\/wp\/v2\/media?parent=503342"}],"wp:term":[{"taxonomy":"category","embeddable":true,"href":"https:\/\/www.europesays.com\/de\/wp-json\/wp\/v2\/categories?post=503342"},{"taxonomy":"post_tag","embeddable":true,"href":"https:\/\/www.europesays.com\/de\/wp-json\/wp\/v2\/tags?post=503342"}],"curies":[{"name":"wp","href":"https:\/\/api.w.org\/{rel}","templated":true}]}}