{"id":503359,"date":"2025-10-16T14:15:23","date_gmt":"2025-10-16T14:15:23","guid":{"rendered":"https:\/\/www.europesays.com\/de\/503359\/"},"modified":"2025-10-16T14:15:23","modified_gmt":"2025-10-16T14:15:23","slug":"hannover-96-gegen-schalke-04-topspiel-vor-top-kulisse","status":"publish","type":"post","link":"https:\/\/www.europesays.com\/de\/503359\/","title":{"rendered":"Hannover 96 gegen Schalke 04: Topspiel vor Top-Kulisse"},"content":{"rendered":"<p>        <img decoding=\"async\" src=\"https:\/\/www.europesays.com\/de\/wp-content\/uploads\/2025\/10\/hannover18040.webp\" alt=\"Fans von Hannover 96 mit Fahnen im Stadion\" title=\"Fans von Hannover 96 mit Fahnen im Stadion | picture alliance\/dpa | Swen Pf\u00f6rtner, Swen Pf\u00f6rtner\" class=\"responsive\"\/><\/p>\n<p>\n            Stand: 16.10.2025 15:58 Uhr<\/p>\n<p class=\"preface\">Freitagabend, Flutlicht, ausverkauftes Haus: Wenn Fu\u00dfball-Zweitligist Hannover 96 den Tabellenzweiten aus Gelsenkirchen zu Gast hat, ist Topstimmung garantiert &#8211; und es weht schon ein Hauch von Bundesliga durch die Arena am Maschsee.<\/p>\n<p class=\"\">Denn: Der Sieger der Partie ist zumindest f\u00fcr eine Nacht Tabellenf\u00fchrer. Zwar habe das nur wenig Aussagekraft, dennoch wollte 96-Coach Christian Titz dies nicht kleinreden: &#8222;Wir k\u00f6nnen die Tabelle ja nicht au\u00dfen vor lassen.&#8220; Hannover w\u00e4re dann wieder dort, wo es nach den vier Siegen zum Saisonstartschon einmal war &#8211; ganz oben. Anschlie\u00dfend folgte aber lediglich ein Dreier aus den j\u00fcngsten vier Partien und die Niedersachsen rutschten von Platz eins auf Rang f\u00fcnf ab.<\/p>\n<p class=\"\">Gegen Schalke soll nun am Freitagabend (18.30 Uhr, im <a href=\"https:\/\/www.ndr.de\/sport\/live\" title=\"Livecenter: Fu\u00dfball live erleben\" target=\"_blank\" rel=\"noopener\">NDR Livecenter<\/a>) die gute Heimbilanz (drei Siege, eine Niederlage) ausgebaut werden. Titz setzt dabei auf den 96-Anhang, im f\u00fcnften Heimspiel ist die Arena zum vierten Mal ausverkauft: &#8222;Das zeigt den Zusammenhalt.&#8220;<\/p>\n<p>    Werden Aseko und Chakroun geschont?<\/p>\n<p class=\"\">In Sachen Personal hielt sich der Trainer am Donnerstag bedeckt. Gut m\u00f6glich, dass die zuletzt gesetzten Noel Aseko und Husseyn Chakroun vorerst nur auf der Bank sitzen: &#8222;Es ist f\u00fcr beide erst der zweite Tag nach ihrem L\u00e4nderspieleinsatz. Beide sind noch etwas ersch\u00f6pft und werden regenerativ behandelt&#8220;, erkl\u00e4rte Titz. Eine Entscheidung \u00fcber ihren Einsatz solle erst am Spieltag selbst fallen.<\/p>\n<p class=\"\">Sollte Aseko aus der Startelf rotieren, w\u00e4re es die Chance f\u00fcr Waniss Taibi. Mit knapp einer Million Euro war der Franzose Hannovers Top-Einkauf im Sommer. Doch so richtig rund ist es bisher nicht gelaufen. Beim Saisonauftakt gegen Kaiserslautern stand Taibi noch in der Startelf, musste aber zur Halbzeit raus. Seitdem war er nur noch Joker. Das Vertrauen von Titz hat Taibi: &#8222;Waniss ist ein guter Spieler. Er hat die Qualit\u00e4t, dass er problemlos starten k\u00f6nnte. Wir sind grunds\u00e4tzlich mit ihm zufrieden.&#8220;<\/p>\n<p>    Erfolgserlebnisse f\u00fcr K\u00e4llman und Ghita<\/p>\n<p class=\"\">Im Gegensatz zu Aseko, der wie Hendry Blank beim 2:1-Sieg der deutschen U21 in Nordirland torlos blieb, erzielte Chakroun bei Libanons 4:0-Erfolg im Qualifikationsspiel im Bhutan einen Treffer. Ein Erfolgserlebnis gab es auch f\u00fcr Virgil Ghita: Der Abwehrspieler erzielte beim 1:0 gegen \u00d6sterreich nicht nur den rum\u00e4nischen Siegtreffer, sondern feierte damit auch seine Torpremiere im Nationaltrikot. &#8222;Das tut ihm gut und gibt ihm sicherlich Auftrieb&#8220;, freute sich 96-Coach Titz.<\/p>\n<p class=\"\">Deutlich mehr Erfahrung im Toreschie\u00dfen hat Hannovers St\u00fcrmer Benjamin K\u00e4llman. Der Finne erzielte in der WM-Qualifkation gegen Litauen (2:1) in seinem 35. L\u00e4nderspiel bereits sein zehntes Tor.<\/p>\n<p>    Schwere Wochen f\u00fcr 96: Derby und alle Top-Vier-Teams<\/p>\n<p class=\"\">Durch die L\u00e4nderspiel-Abstellungen konnte Titz zu Wochenbeginn nur mit ausged\u00fcnntem Kader trainieren. Immerhin sind alle verletzungsfrei und mit Selbstvertrauen zur\u00fcckgekehrt &#8211; wichtig f\u00fcr die anstehenden Wochen, die f\u00fcr Hannover neben dem Tabellenzweiten Schalke weitere schwere Gegner bereithalten: Am 26. Oktober steigt das Niedersachsenderby in Braunschweig, anschlie\u00dfend geht es gegen Spitzenreiter Elversberg, den Tabellendritten Darmstadt und den Tabellenvierten Paderborn.<\/p>\n<p class=\"\"><strong>Hannover 96:<\/strong> Noll &#8211; Ghita, Tomiak, Blank &#8211; Matsuda, Leopold, Aseko, Neubauer &#8211; Chakroun, Rochelt &#8211; K\u00e4llman<br \/><strong>Schalke 04:<\/strong> Karius &#8211; Ayhan, Katic, Kurucay &#8211; Porath, Schallenberg, El-Faouzi, Becker &#8211; Karaman, Antwi-Adjei &#8211; Sylla<\/p>\n<p>        <img decoding=\"async\" src=\"https:\/\/www.europesays.com\/de\/wp-content\/uploads\/2025\/08\/1755785782_765_tabelle190.webp\" alt=\"Eine Fu\u00dfballtabelle vor eine Fu\u00dfballmotiv\" title=\"Eine Fu\u00dfballtabelle vor eine Fu\u00dfballmotiv | Colourbox, Pressmaster\" class=\"responsive\" loading=\"lazy\"\/><\/p>\n<p>Ergebnisse, Tabellenst\u00e4nde und die Spieltage im \u00dcberblick.<\/p>\n","protected":false},"excerpt":{"rendered":"Stand: 16.10.2025 15:58 Uhr Freitagabend, Flutlicht, ausverkauftes Haus: Wenn Fu\u00dfball-Zweitligist Hannover 96 den Tabellenzweiten aus Gelsenkirchen zu Gast&hellip;\n","protected":false},"author":2,"featured_media":503360,"comment_status":"","ping_status":"","sticky":false,"template":"","format":"standard","meta":{"footnotes":""},"categories":[1836],"tags":[621,3364,29,347,30,46,2366,1552,1411],"class_list":{"0":"post-503359","1":"post","2":"type-post","3":"status-publish","4":"format-standard","5":"has-post-thumbnail","7":"category-hannover","8":"tag-2-bundesliga","9":"tag-de","10":"tag-deutschland","11":"tag-fussball","12":"tag-germany","13":"tag-hannover","14":"tag-hannover-96","15":"tag-newsticker","16":"tag-niedersachsen"},"share_on_mastodon":{"url":"https:\/\/pubeurope.com\/@de\/115384269818570195","error":""},"_links":{"self":[{"href":"https:\/\/www.europesays.com\/de\/wp-json\/wp\/v2\/posts\/503359","targetHints":{"allow":["GET"]}}],"collection":[{"href":"https:\/\/www.europesays.com\/de\/wp-json\/wp\/v2\/posts"}],"about":[{"href":"https:\/\/www.europesays.com\/de\/wp-json\/wp\/v2\/types\/post"}],"author":[{"embeddable":true,"href":"https:\/\/www.europesays.com\/de\/wp-json\/wp\/v2\/users\/2"}],"replies":[{"embeddable":true,"href":"https:\/\/www.europesays.com\/de\/wp-json\/wp\/v2\/comments?post=503359"}],"version-history":[{"count":0,"href":"https:\/\/www.europesays.com\/de\/wp-json\/wp\/v2\/posts\/503359\/revisions"}],"wp:featuredmedia":[{"embeddable":true,"href":"https:\/\/www.europesays.com\/de\/wp-json\/wp\/v2\/media\/503360"}],"wp:attachment":[{"href":"https:\/\/www.europesays.com\/de\/wp-json\/wp\/v2\/media?parent=503359"}],"wp:term":[{"taxonomy":"category","embeddable":true,"href":"https:\/\/www.europesays.com\/de\/wp-json\/wp\/v2\/categories?post=503359"},{"taxonomy":"post_tag","embeddable":true,"href":"https:\/\/www.europesays.com\/de\/wp-json\/wp\/v2\/tags?post=503359"}],"curies":[{"name":"wp","href":"https:\/\/api.w.org\/{rel}","templated":true}]}}