{"id":503367,"date":"2025-10-16T14:20:15","date_gmt":"2025-10-16T14:20:15","guid":{"rendered":"https:\/\/www.europesays.com\/de\/503367\/"},"modified":"2025-10-16T14:20:15","modified_gmt":"2025-10-16T14:20:15","slug":"neues-hospiz-in-essen-bauarbeiten-koennten-bald-starten","status":"publish","type":"post","link":"https:\/\/www.europesays.com\/de\/503367\/","title":{"rendered":"Neues Hospiz in Essen: Bauarbeiten k\u00f6nnten bald starten"},"content":{"rendered":"<p class=\"small date article__date\">Ver\u00f6ffentlicht:\u00a0Donnerstag, 16.10.2025 15:54<\/p>\n<p>In Essen wird auf dem Gel\u00e4nde einer ehemaligen Kirche ein neues Hospiz gebaut. Nach langen Verz\u00f6gerungen sollen die Bagger bald rollen.<\/p>\n<p><img decoding=\"async\" alt=\"\" src=\"https:\/\/www.europesays.com\/de\/wp-content\/uploads\/2025\/10\/20210824_foto-quartiersentree_entwurf-st.-paulus_2.jpg&#038;crop=485x0x2494x1559&#038;resize=1280x800&#038;dt=20210.jpeg\" data-size=\"1280x800\"\/>\u00a9 CsE, EssenHospiz in Essen mit Spenden finanziert <\/p>\n<p>Auf dem Gel\u00e4nde der ehemaligen St. Paulus Kirche in Essen-Gerschede soll bald ein neues Hospiz entstehen. Die Caritas-Tochter cse wartet aber derzeit noch auf eine letzte Baugenehmigung \u2013 danach k\u00f6nnen die Arbeiten beginnen. Urspr\u00fcnglich war auf dem Grundst\u00fcck ein ganz neues Quartier mit mehreren Geb\u00e4uden geplant. <a href=\"https:\/\/www.radioessen.de\/artikel\/neues-hospiz-in-essen-nach-kirchenabriss-plaene-veraendert-1643213.html\" rel=\"noopener noreferrer\" target=\"_blank\">Diese Pl\u00e4ne mussten aber ge\u00e4ndert werden.<\/a> Stattdessen soll nun nur ein einzelnes Geb\u00e4ude errichtet werden: das neue Hospiz \u201eCosmas und Damian\u201c.<\/p>\n<p>Darin sind elf Zimmer f\u00fcr schwer kranke Menschen in ihrer letzten Lebensphase vorgesehen. Auch der ambulante Hospizdienst Cosmas und Damian sowie der zugeh\u00f6rige F\u00f6rderverein sollen in die neuen R\u00e4ume einziehen. Die Finanzierung des Projekts war zwischenzeitlich gef\u00e4hrdet. Die Bundesregierung hatte im Jahr 2023 F\u00f6rdermittel im sozialen Bereich gek\u00fcrzt \u2013 dadurch fehlten der cse rund 1,5 Millionen Euro. Dank zahlreicher Spenden kann das Hospiz nun aber doch gebaut werden.<\/p>\n<p>Bauarbeiten f\u00fcr neues Hospiz k\u00f6nnten bald starten<\/p>\n<p>Drei von vier notwendigen Genehmigungen hat die cse bereits erhalten. Sobald auch die vierte vorliegt, k\u00f6nnen die Bauarbeiten starten \u2013 das best\u00e4tigte die Caritas-Tochter auf Nachfrage von Radio Essen.<\/p>\n<p>Urspr\u00fcnglich war mehr Geld f\u00fcr das Projekt eingeplant, doch durch finanzielle K\u00fcrzungen musste die cse ihre Pl\u00e4ne anpassen. F\u00fcr die ver\u00e4nderte Bauplanung waren neue Genehmigungen erforderlich. Aktuell steht dort noch ein Bauzaun rund um eine leere Fl\u00e4che, doch innerhalb der n\u00e4chsten eineinhalb Jahre soll an dieser Stelle das neue Hospiz entstehen:<\/p>\n<blockquote><p>&#8222;Wir rechnen eigentlich jeden Moment damit, die letzte Genehmigung zu bekommen und dann kann es losgehen!&#8220;, sagt cse-Sprecherin Mirja Berresheim.<\/p><\/blockquote>\n<p>In Gerschede wird damit bald die L\u00fccke geschlossen, die der Abriss der fr\u00fcheren St. Paulus Kirche hinterlassen hat.<\/p>\n<p>Mehr Nachrichten aus Essen<\/p>\n","protected":false},"excerpt":{"rendered":"Ver\u00f6ffentlicht:\u00a0Donnerstag, 16.10.2025 15:54 In Essen wird auf dem Gel\u00e4nde einer ehemaligen Kirche ein neues Hospiz gebaut. Nach langen&hellip;\n","protected":false},"author":2,"featured_media":503368,"comment_status":"","ping_status":"","sticky":false,"template":"","format":"standard","meta":{"footnotes":""},"categories":[1834],"tags":[64673,3275,125844,125845,2529,58536,3364,29,3688,30,24081,1209],"class_list":{"0":"post-503367","1":"post","2":"type-post","3":"status-publish","4":"format-standard","5":"has-post-thumbnail","7":"category-essen","8":"tag-gerschede","9":"tag-lokalnachrichten","10":"tag-neues-hospiz","11":"tag-st-paulus-kirche","12":"tag-caritas","13":"tag-cse","14":"tag-de","15":"tag-deutschland","16":"tag-essen","17":"tag-germany","18":"tag-hospiz","19":"tag-nordrhein-westfalen"},"share_on_mastodon":{"url":"https:\/\/pubeurope.com\/@de\/115384288974196155","error":""},"_links":{"self":[{"href":"https:\/\/www.europesays.com\/de\/wp-json\/wp\/v2\/posts\/503367","targetHints":{"allow":["GET"]}}],"collection":[{"href":"https:\/\/www.europesays.com\/de\/wp-json\/wp\/v2\/posts"}],"about":[{"href":"https:\/\/www.europesays.com\/de\/wp-json\/wp\/v2\/types\/post"}],"author":[{"embeddable":true,"href":"https:\/\/www.europesays.com\/de\/wp-json\/wp\/v2\/users\/2"}],"replies":[{"embeddable":true,"href":"https:\/\/www.europesays.com\/de\/wp-json\/wp\/v2\/comments?post=503367"}],"version-history":[{"count":0,"href":"https:\/\/www.europesays.com\/de\/wp-json\/wp\/v2\/posts\/503367\/revisions"}],"wp:featuredmedia":[{"embeddable":true,"href":"https:\/\/www.europesays.com\/de\/wp-json\/wp\/v2\/media\/503368"}],"wp:attachment":[{"href":"https:\/\/www.europesays.com\/de\/wp-json\/wp\/v2\/media?parent=503367"}],"wp:term":[{"taxonomy":"category","embeddable":true,"href":"https:\/\/www.europesays.com\/de\/wp-json\/wp\/v2\/categories?post=503367"},{"taxonomy":"post_tag","embeddable":true,"href":"https:\/\/www.europesays.com\/de\/wp-json\/wp\/v2\/tags?post=503367"}],"curies":[{"name":"wp","href":"https:\/\/api.w.org\/{rel}","templated":true}]}}