{"id":503382,"date":"2025-10-16T14:28:13","date_gmt":"2025-10-16T14:28:13","guid":{"rendered":"https:\/\/www.europesays.com\/de\/503382\/"},"modified":"2025-10-16T14:28:13","modified_gmt":"2025-10-16T14:28:13","slug":"strassenumfrage-in-stuttgart-das-sagen-junge-stuttgarter-zur-wehrpflicht-per-losverfahren","status":"publish","type":"post","link":"https:\/\/www.europesays.com\/de\/503382\/","title":{"rendered":"Stra\u00dfenumfrage in Stuttgart: Das sagen junge Stuttgarter zur Wehrpflicht per Losverfahren"},"content":{"rendered":"<p>Die Bundeswehr will mehr Rekruten \u2013 notfalls per Losverfahren. Doch was halten junge Stuttgarter davon, zuf\u00e4llig zum Wehrdienst verpflichtet zu werden?<\/p>\n<p>Die <a href=\"https:\/\/www.stuttgarter-nachrichten.de\/thema\/Bundeswehr\" title=\"Bundeswehr\" class=\"art_thema\" target=\"_blank\" rel=\"noopener\">Bundeswehr<\/a> sucht dringend mehr Rekruten, doch zu wenige melden sich freiwillig. Deshalb plant die Union nach d\u00e4nischem Vorbild ein Losverfahren: Ein Teil der jungen Menschen soll per Zufall zum Wehrdienst verpflichtet werden. In D\u00e4nemark gilt ein \u00e4hnliches System \u2013 dort wird nur etwa ein F\u00fcnftel eines Jahrgangs tats\u00e4chlich eingezogen.<\/p>\n","protected":false},"excerpt":{"rendered":"Die Bundeswehr will mehr Rekruten \u2013 notfalls per Losverfahren. Doch was halten junge Stuttgarter davon, zuf\u00e4llig zum Wehrdienst&hellip;\n","protected":false},"author":2,"featured_media":503383,"comment_status":"","ping_status":"","sticky":false,"template":"","format":"standard","meta":{"footnotes":""},"categories":[1830],"tags":[1634,685,3364,29,30,94313,1441,4649,5329,690],"class_list":{"0":"post-503382","1":"post","2":"type-post","3":"status-publish","4":"format-standard","5":"has-post-thumbnail","7":"category-stuttgart","8":"tag-baden-wuerttemberg","9":"tag-bundeswehr","10":"tag-de","11":"tag-deutschland","12":"tag-germany","13":"tag-krie","14":"tag-stuttgart","15":"tag-umfrage","16":"tag-video","17":"tag-wehrpflicht"},"share_on_mastodon":{"url":"https:\/\/pubeurope.com\/@de\/115384320288370250","error":""},"_links":{"self":[{"href":"https:\/\/www.europesays.com\/de\/wp-json\/wp\/v2\/posts\/503382","targetHints":{"allow":["GET"]}}],"collection":[{"href":"https:\/\/www.europesays.com\/de\/wp-json\/wp\/v2\/posts"}],"about":[{"href":"https:\/\/www.europesays.com\/de\/wp-json\/wp\/v2\/types\/post"}],"author":[{"embeddable":true,"href":"https:\/\/www.europesays.com\/de\/wp-json\/wp\/v2\/users\/2"}],"replies":[{"embeddable":true,"href":"https:\/\/www.europesays.com\/de\/wp-json\/wp\/v2\/comments?post=503382"}],"version-history":[{"count":0,"href":"https:\/\/www.europesays.com\/de\/wp-json\/wp\/v2\/posts\/503382\/revisions"}],"wp:featuredmedia":[{"embeddable":true,"href":"https:\/\/www.europesays.com\/de\/wp-json\/wp\/v2\/media\/503383"}],"wp:attachment":[{"href":"https:\/\/www.europesays.com\/de\/wp-json\/wp\/v2\/media?parent=503382"}],"wp:term":[{"taxonomy":"category","embeddable":true,"href":"https:\/\/www.europesays.com\/de\/wp-json\/wp\/v2\/categories?post=503382"},{"taxonomy":"post_tag","embeddable":true,"href":"https:\/\/www.europesays.com\/de\/wp-json\/wp\/v2\/tags?post=503382"}],"curies":[{"name":"wp","href":"https:\/\/api.w.org\/{rel}","templated":true}]}}