{"id":503392,"date":"2025-10-16T14:33:14","date_gmt":"2025-10-16T14:33:14","guid":{"rendered":"https:\/\/www.europesays.com\/de\/503392\/"},"modified":"2025-10-16T14:33:14","modified_gmt":"2025-10-16T14:33:14","slug":"1-fc-koeln-news-kwasnioks-emotionale-el-mala-rede","status":"publish","type":"post","link":"https:\/\/www.europesays.com\/de\/503392\/","title":{"rendered":"1. FC K\u00f6ln News: Kwasnioks emotionale El-Mala-Rede"},"content":{"rendered":"<p>Newsblog zum 1. FC K\u00f6ln <\/p>\n<p>Kwasnioks emotionale El-Mala-Rede: &#8222;Sorgf\u00e4ltig abw\u00e4gen&#8220;<\/p>\n<p>Aktualisiert am 16.10.2025 &#8211; 16:19 UhrLesedauer: 18 Min.<\/p>\n<p><a href=\"#focus-0\" class=\"transition-colors duration-200 block text-current relative\" data-sctrack=\"FocusGalleryImage.Reference\"><img fetchpriority=\"high\" data-testid=\"Opener.Image\" style=\"--lqipURL:url('https:\/\/images.t-online.de\/2025\/10\/DHtla7xnpaVD\/0x100:1904x1071\/fit-in\/150x0\/filters:blur(25)\/said-el-mala-germany-schaut-enttaeuscht-uefa-under21-championship-2027-qualification-group-f-northern-ireland-u21-u-21-vs-germany-u21-the-oval-am-14-october-2025-in-belfast-vereinigtes-koenigreich-foto-von-marco-steinbrenner-defodi-images-said-el-mala-germany-looks-dejected-uefa-under21-championship-2027-qualification-group-f-northern-ireland-u21-vs-germany-u21-the-oval-october-14-2025-in-belfast-united-kingdom-photo-by-marco-steinbrenner-defodi-images-not-used-for-axel-springer.jpg')\"   loading=\"eager\" src=\"https:\/\/www.europesays.com\/de\/wp-content\/uploads\/2025\/10\/said-el-mala-germany-schaut-enttaeuscht-uefa-under21-championship-2027-qualification-group-f-norther.jpeg\" alt=\"imago images 1067794607\" title=\"imago images 1067794607\" width=\"1904\" height=\"1071\" class=\"bg-[url:var(--lqipURL)] bg-cover bg-center flex h-full w-full max-w-full\" decoding=\"async\"\/><img style=\"--width:32;--height:32\" loading=\"lazy\" src=\"https:\/\/www.t-online.de\/s\/paper\/_next\/static\/media\/zoom-in.f7dae02f.svg\" alt=\"Vergr\u00f6\u00dfern des Bildes\" title=\"Vergr\u00f6\u00dfern des Bildes\" class=\"block h-[calc(var(--height)_\/_16_*_1rem)] w-[calc(var(--width)_\/_16_*_1rem)] max-w-none absolute bottom-8 right-8 rounded-4 bg-snow p-8\" decoding=\"async\"\/><\/a><\/p>\n<p>Said El Mala hat zuletzt drei Spiele innerhalb einer Woche absolviert. (Quelle: IMAGO\/Marco Steinbrenner\/DeFodi Images\/imago)<\/p>\n<p class=\"font-bold text-18 leading-17\">Der 1. FC K\u00f6ln spielt in dieser Saison wieder erstklassig. Im Newsticker auf t-online finden Sie alle wichtigen Meldungen rund um die &#8222;Gei\u00dfb\u00f6cke&#8220;.<\/p>\n<p class=\"text-18 leading-17\">Donnerstag, 16. Oktober 2025<\/p>\n<p class=\"text-18 leading-17\">Said El Mala ist in Fu\u00dfball-Deutschland derzeit in aller Munde. Nur Lukas Kwasniok tat verwundert, als er am Donnerstag auf der Pressekonferenz vor dem Spiel gegen den <a class=\"transition-colors duration-200 cursor-pointer text-inherit no-underline text-salemsfur md:hover:text-magenta md:hover:border-magenta md:focus:text-magenta border-current border-b border-solid break-words\" href=\"https:\/\/www.t-online.de\/themen\/fc-augsburg\/\" data-sctrack=\"BodyAnchor\" target=\"_blank\" rel=\"noopener\">FC Augsburg<\/a> auf den 19-J\u00e4hrigen angesprochen wurde. &#8222;Ich habe gar keinen Hype um Said mitbekommen&#8220;, sagte der Trainer mit einem Schmunzeln. Gegen die <a class=\"transition-colors duration-200 cursor-pointer text-inherit no-underline text-salemsfur md:hover:text-magenta md:hover:border-magenta md:focus:text-magenta border-current border-b border-solid break-words\" href=\"https:\/\/www.t-online.de\/themen\/tsg-1899-hoffenheim\/\" data-sctrack=\"BodyAnchor\" target=\"_blank\" rel=\"noopener\">TSG Hoffenheim<\/a> hatte El Mala vor der L\u00e4nderspielpause zum ersten Mal beim FC in der Startelf gestanden \u2013 und prompt das Tor zum 1:0-Sieg erzielt.<\/p>\n<p class=\"text-18 leading-17\">F\u00fcr Kwasniok bedeutet das jedoch l\u00e4ngst nicht, dass der Angreifer auch gegen Augsburg von Anfang an auf dem Platz stehen wird. &#8222;Nur weil jemand ein Tor erzielt, hei\u00dft das noch lange nicht, dass er in Zukunft automatisch beginnt&#8220;, meinte der Trainer. Zwar gehe es einerseits darum, &#8222;den Flow&#8220; zu nutzen, andererseits m\u00fcsse man den Spieler aber auch sch\u00fctzen. So sagte der 44-J\u00e4hrige weiter: &#8222;Ich wei\u00df, dass das gerade f\u00fcr euch alle ganz schwer zu akzeptieren ist \u2013 aber der Junge ist 19 Jahre alt und hat jetzt innerhalb einer Woche drei Spiele absolviert, auf <a class=\"transition-colors duration-200 cursor-pointer text-inherit no-underline text-salemsfur md:hover:text-magenta md:hover:border-magenta md:focus:text-magenta border-current border-b border-solid break-words\" href=\"https:\/\/www.t-online.de\/sport\/fussball\/bundesliga\/\" data-sctrack=\"BodyAnchor\" target=\"_blank\" rel=\"noopener\">Bundesliga<\/a> und U21-Niveau.&#8220;<\/p>\n<p class=\"text-18 leading-17\">El Mala sei dies noch nicht so gewohnt wie gestanden Profis. Und so wurde Kwasniok auch emotional: &#8222;Ich m\u00f6chte nicht eines Tages hier sitzen und die Frage beantworten: Warum habt ihr auf den Jungen nicht Acht gegeben? Wenn er sich verletzt, weil wir etwas unvorsichtig waren und ihn in etwas reinkatapultiert haben, was unverantwortlich war.&#8220; Ob El Mala deswegen am Samstag gegen Augsburg erneut von Beginn an startet, wollte sich der Trainer noch offenlassen. &#8222;Wir m\u00fcssen sorgf\u00e4ltig die Entscheidung abw\u00e4gen, ob uns Said von Beginn an hilft oder von der Bank noch mehr.&#8220;<\/p>\n<p class=\"text-18 leading-17\">Donnerstag, 16. Oktober 2025<\/p>\n<p class=\"text-18 leading-17\">Der <a class=\"transition-colors duration-200 cursor-pointer text-inherit no-underline text-salemsfur md:hover:text-magenta md:hover:border-magenta md:focus:text-magenta border-current border-b border-solid break-words\" href=\"https:\/\/www.t-online.de\/themen\/1-fc-koeln\/\" data-sctrack=\"BodyAnchor\" target=\"_blank\" rel=\"noopener\">1. FC K\u00f6ln<\/a> zeigt offenbar Interesse an einer Verpflichtung von Kuba Nawrocki. Das berichtet Transfer-Experte Rudy Galetti. Neben dem FC sollen auch der <a class=\"transition-colors duration-200 cursor-pointer text-inherit no-underline text-salemsfur md:hover:text-magenta md:hover:border-magenta md:focus:text-magenta border-current border-b border-solid break-words\" href=\"https:\/\/www.t-online.de\/themen\/vfb-stuttgart\/\" data-sctrack=\"BodyAnchor\" target=\"_blank\" rel=\"noopener\">VfB Stuttgart<\/a>, der <a class=\"transition-colors duration-200 cursor-pointer text-inherit no-underline text-salemsfur md:hover:text-magenta md:hover:border-magenta md:focus:text-magenta border-current border-b border-solid break-words\" href=\"https:\/\/www.t-online.de\/themen\/vfl-wolfsburg\/\" data-sctrack=\"BodyAnchor\" target=\"_blank\" rel=\"noopener\">VfL Wolfsburg<\/a> und mehrere Vereine aus <a class=\"transition-colors duration-200 cursor-pointer text-inherit no-underline text-salemsfur md:hover:text-magenta md:hover:border-magenta md:focus:text-magenta border-current border-b border-solid break-words\" href=\"https:\/\/www.t-online.de\/themen\/italien\/\" data-sctrack=\"BodyAnchor\" target=\"_blank\" rel=\"noopener\">Italien<\/a> den jungen <a class=\"transition-colors duration-200 cursor-pointer text-inherit no-underline text-salemsfur md:hover:text-magenta md:hover:border-magenta md:focus:text-magenta border-current border-b border-solid break-words\" href=\"https:\/\/www.t-online.de\/themen\/polen\/\" data-sctrack=\"BodyAnchor\" target=\"_blank\" rel=\"noopener\">Polen<\/a> beobachten. Nawrocki war im Sommer 2024 zur zweiten Mannschaft von Widzew \u0141\u00f3d\u017a gewechselt \u2013 jenem Klub, von dem Imad Rondi\u0107 im Janaur 2025 zum FC kam.<\/p>\n","protected":false},"excerpt":{"rendered":"Newsblog zum 1. FC K\u00f6ln Kwasnioks emotionale El-Mala-Rede: &#8222;Sorgf\u00e4ltig abw\u00e4gen&#8220; Aktualisiert am 16.10.2025 &#8211; 16:19 UhrLesedauer: 18 Min.&hellip;\n","protected":false},"author":2,"featured_media":439698,"comment_status":"","ping_status":"","sticky":false,"template":"","format":"standard","meta":{"footnotes":""},"categories":[1828],"tags":[623,3175,3176,3174,3177,87238,3167,680,2294,2367,3166,29,481,125852,15184,3153,485,3138,30,1565,8844,54746,355,94111,1420,125850,13328,3134,3142,16069,47203,86563,3143,3169,3160,3172,3170,3168,38229,1552,5384,1209,913,3917,125851,83114,1441,226,7249,3171,3165,968,2915,931],"class_list":{"0":"post-503392","1":"post","2":"type-post","3":"status-publish","4":"format-standard","5":"has-post-thumbnail","7":"category-koeln","8":"tag-1-fc-koeln","9":"tag-3175","10":"tag-3176","11":"tag-3174","12":"tag-3177","13":"tag-87238","14":"tag-anthony-modeste","15":"tag-augsburg","16":"tag-bank","17":"tag-bayer-04-leverkusen","18":"tag-britta-carlson","19":"tag-deutschland","20":"tag-dfb","21":"tag-ekstraklasa","22":"tag-el-mala","23":"tag-eric-martel","24":"tag-fussball-bundesliga","25":"tag-geissbock","26":"tag-germany","27":"tag-griechenland","28":"tag-hoffenheim","29":"tag-isak-johannesson","30":"tag-italien","31":"tag-jakub-kaminski","32":"tag-koeln","33":"tag-kuba-nawrocki","34":"tag-laenderspiel","35":"tag-linton-maina","36":"tag-luca-waldschmidt","37":"tag-lukas-kwasniok","38":"tag-lodz","39":"tag-marius-buelter","40":"tag-mark-uth","41":"tag-markus-rejek","42":"tag-mathias-olesen","43":"tag-max-finkgraefe","44":"tag-maximilian-schmid","45":"tag-meiko-sponsel","46":"tag-michael-reschke","47":"tag-newsticker","48":"tag-nordirland","49":"tag-nordrhein-westfalen","50":"tag-norwegen","51":"tag-polen","52":"tag-rudy-galetti","53":"tag-sebastian-sebulonsen","54":"tag-stuttgart","55":"tag-t-online","56":"tag-thomas-kessler","57":"tag-trainingslager","58":"tag-transfermarkt","59":"tag-tsg-1899-hoffenheim","60":"tag-vfb-stuttgart","61":"tag-vfl-wolfsburg"},"share_on_mastodon":{"url":"","error":"Validation failed: Text character limit of 500 exceeded"},"_links":{"self":[{"href":"https:\/\/www.europesays.com\/de\/wp-json\/wp\/v2\/posts\/503392","targetHints":{"allow":["GET"]}}],"collection":[{"href":"https:\/\/www.europesays.com\/de\/wp-json\/wp\/v2\/posts"}],"about":[{"href":"https:\/\/www.europesays.com\/de\/wp-json\/wp\/v2\/types\/post"}],"author":[{"embeddable":true,"href":"https:\/\/www.europesays.com\/de\/wp-json\/wp\/v2\/users\/2"}],"replies":[{"embeddable":true,"href":"https:\/\/www.europesays.com\/de\/wp-json\/wp\/v2\/comments?post=503392"}],"version-history":[{"count":0,"href":"https:\/\/www.europesays.com\/de\/wp-json\/wp\/v2\/posts\/503392\/revisions"}],"wp:featuredmedia":[{"embeddable":true,"href":"https:\/\/www.europesays.com\/de\/wp-json\/wp\/v2\/media\/439698"}],"wp:attachment":[{"href":"https:\/\/www.europesays.com\/de\/wp-json\/wp\/v2\/media?parent=503392"}],"wp:term":[{"taxonomy":"category","embeddable":true,"href":"https:\/\/www.europesays.com\/de\/wp-json\/wp\/v2\/categories?post=503392"},{"taxonomy":"post_tag","embeddable":true,"href":"https:\/\/www.europesays.com\/de\/wp-json\/wp\/v2\/tags?post=503392"}],"curies":[{"name":"wp","href":"https:\/\/api.w.org\/{rel}","templated":true}]}}