{"id":503393,"date":"2025-10-16T14:34:10","date_gmt":"2025-10-16T14:34:10","guid":{"rendered":"https:\/\/www.europesays.com\/de\/503393\/"},"modified":"2025-10-16T14:34:10","modified_gmt":"2025-10-16T14:34:10","slug":"muessen-vom-arbeitgeber-freigestellt-werden-stadt-sucht-noch-dringend-wahlhelfer","status":"publish","type":"post","link":"https:\/\/www.europesays.com\/de\/503393\/","title":{"rendered":"M\u00fcssen vom Arbeitgeber freigestellt werden: Stadt sucht noch dringend Wahlhelfer"},"content":{"rendered":"<p>F\u00fcr die am 8. M\u00e4rz 2026 stattfindende Kommunalwahl in Bayern sucht die Landeshauptstadt <a href=\"https:\/\/www.abendzeitung-muenchen.de\/muenchen\/\" target=\"_blank\" rel=\"noopener\">M\u00fcnchen<\/a> derzeit noch 14.000 ehrenamtliche Wahlhelfer. Bei der Kommunalwahl sind die Wahlhelfer sowohl am Wahltag selbst (8. M\u00e4rz) als auch am darauffolgenden Montag, 9. M\u00e4rz 2026, im Einsatz.<\/p>\n<p>Kommunalwahl 2026: M\u00fcnchen sucht Wahlhelfer<\/p>\n<p>Ehrenamtliche Wahlhelfer m\u00fcssen von ihrem Arbeitgeber f\u00fcr den Einsatz am Montag, 9. M\u00e4rz 2026, freigestellt werden. Die Stadt erstattet dem Arbeitgeber (au\u00dfer im \u00f6ffentlichen Dienst) f\u00fcr die Einsatzzeit am Montag die Personalkosten.<\/p>\n<p>Kommt es zu einer Stichwahl, k\u00f6nnen Wahlhelfer auch am Sonntag, 22. M\u00e4rz 2026, berufen werden.<\/p>\n<p>Wahlhelfer bekommen f\u00fcr ihre ehrenamtliche Arbeit eine Aufwandsentsch\u00e4digung zwischen 130 und 180 Euro.<\/p>\n<p>Weitere Informationen <a href=\"https:\/\/stadt.muenchen.de\/infos\/wahlhelferundwahlhelferinnen.html\" target=\"_blank\" title=\"https:\/\/stadt.muenchen.de\/infos\/wahlhelferundwahlhelferinnen.html\" class=\"ext_links\" rel=\"noopener\">finden Sie hier<\/a>.<\/p>\n","protected":false},"excerpt":{"rendered":"F\u00fcr die am 8. M\u00e4rz 2026 stattfindende Kommunalwahl in Bayern sucht die Landeshauptstadt M\u00fcnchen derzeit noch 14.000 ehrenamtliche&hellip;\n","protected":false},"author":2,"featured_media":503394,"comment_status":"","ping_status":"","sticky":false,"template":"","format":"standard","meta":{"footnotes":""},"categories":[1827],"tags":[772,29,30,10917,1268,33365],"class_list":{"0":"post-503393","1":"post","2":"type-post","3":"status-publish","4":"format-standard","5":"has-post-thumbnail","7":"category-muenchen","8":"tag-bayern","9":"tag-deutschland","10":"tag-germany","11":"tag-kommunalwahl","12":"tag-muenchen","13":"tag-wahlhelfer"},"share_on_mastodon":{"url":"https:\/\/pubeurope.com\/@de\/115384344816112350","error":""},"_links":{"self":[{"href":"https:\/\/www.europesays.com\/de\/wp-json\/wp\/v2\/posts\/503393","targetHints":{"allow":["GET"]}}],"collection":[{"href":"https:\/\/www.europesays.com\/de\/wp-json\/wp\/v2\/posts"}],"about":[{"href":"https:\/\/www.europesays.com\/de\/wp-json\/wp\/v2\/types\/post"}],"author":[{"embeddable":true,"href":"https:\/\/www.europesays.com\/de\/wp-json\/wp\/v2\/users\/2"}],"replies":[{"embeddable":true,"href":"https:\/\/www.europesays.com\/de\/wp-json\/wp\/v2\/comments?post=503393"}],"version-history":[{"count":0,"href":"https:\/\/www.europesays.com\/de\/wp-json\/wp\/v2\/posts\/503393\/revisions"}],"wp:featuredmedia":[{"embeddable":true,"href":"https:\/\/www.europesays.com\/de\/wp-json\/wp\/v2\/media\/503394"}],"wp:attachment":[{"href":"https:\/\/www.europesays.com\/de\/wp-json\/wp\/v2\/media?parent=503393"}],"wp:term":[{"taxonomy":"category","embeddable":true,"href":"https:\/\/www.europesays.com\/de\/wp-json\/wp\/v2\/categories?post=503393"},{"taxonomy":"post_tag","embeddable":true,"href":"https:\/\/www.europesays.com\/de\/wp-json\/wp\/v2\/tags?post=503393"}],"curies":[{"name":"wp","href":"https:\/\/api.w.org\/{rel}","templated":true}]}}