{"id":503400,"date":"2025-10-16T14:38:11","date_gmt":"2025-10-16T14:38:11","guid":{"rendered":"https:\/\/www.europesays.com\/de\/503400\/"},"modified":"2025-10-16T14:38:11","modified_gmt":"2025-10-16T14:38:11","slug":"berlin-brandenburg-reparaturbonus-wird-nun-doch-fortgesetzt","status":"publish","type":"post","link":"https:\/\/www.europesays.com\/de\/503400\/","title":{"rendered":"Berlin &#038; Brandenburg: Reparaturbonus wird nun doch fortgesetzt"},"content":{"rendered":"<p>                    Berlin &amp; Brandenburg<br \/>\n                Reparaturbonus wird nun doch fortgesetzt<\/p>\n<p>\t\t\t\t              16.10.2025, 16:36 Uhr<\/p>\n<p><strong>Das Reparieren von Elektroger\u00e4ten kann Ressourcen schonen &#8211; und den Geldbeutel. Entsprechend gut lief ein F\u00f6rderprogramm in Berlin. Das stand zuletzt auf der Kippe. Nun gibt es dazu eine Entscheidung.<\/strong><\/p>\n<p>Berlin (dpa\/bb) &#8211; Das Berliner F\u00f6rderprogramm f\u00fcr die Reparatur privater Elektroger\u00e4te, der sogenannte Reparaturbonus, bleibt entgegen der Pl\u00e4ne des Senats erhalten. Im Doppelhaushalt 2026\/2027 werden daf\u00fcr jeweils 1,25 Millionen Euro zur Verf\u00fcgung gestellt. Das teilte die Sprecherin f\u00fcr Umwelt und Klimaschutz der SPD-Fraktion, Linda Vierecke, nach Haushaltsberatungen im Umweltausschuss des Abgeordnetenhauses mit. Im Haushaltsentwurf des schwarz-roten Senats war das Programm zun\u00e4chst gestrichen worden.<\/p>\n<p>Erfolgsgeschichte seit 2024<\/p>\n<p>Der Senat hatte den Reparaturbonus im September 2024 gestartet, um eine nachhaltige Nutzung von Elektroger\u00e4ten zu unterst\u00fctzen, Abfall zu vermeiden und zur Schonung von Ressourcen beizutragen. Das Land beteiligte sich an der Reparatur von Handys, Laptops, Waschmaschinen oder Waffeleisen mit bis zu 50 Prozent der Kosten, maximal 200 Euro. Bei einer Reparatur in einem Repair-Caf\u00e9 oder \u00e4hnlichen Initiativen \u00fcbernahm das Land den kompletten Ersatzteilpreis. Das Programm stie\u00df auf gro\u00dfe Resonanz bei den Berlinerinnen und Berlinern. Die Mittel f\u00fcr 2025 waren schon Mitte des Jahres aufgebraucht.\u00a0<\/p>\n<p>Weitere K\u00fcrzungen zur\u00fcckgenommen\u00a0<\/p>\n<p>In der Sitzung des Umweltausschusses verst\u00e4ndigten sich die Koalitionsfraktionen CDU und SPD auf die R\u00fccknahme weiterer vom Senat geplanter K\u00fcrzungen im Bereich Umwelt- und Klimaschutz. So sollen die sogenannten Parkl\u00e4ufer weitermachen, die in ausgew\u00e4hlten Parkanlagen in den Bezirken daf\u00fcr sorgen, dass sich Besucher an Regeln halten, R\u00fccksicht auf andere nehmen und ihren M\u00fcll wieder mitnehmen.\u00a0<\/p>\n<p>Erhalten bleiben auch die Kieztage, an denen die Berliner Stadtreinigung BSR an ausgew\u00e4hlten Punkten in Bezirken Sperrm\u00fcll abholt. Programme zur Unterst\u00fctzung von Kleingew\u00e4ssern, Kleing\u00e4rten und Dachbegr\u00fcnungen laufen ebenfalls weiter, wie CDU und SPD mitteilten. Und: Die Bezirke erhalten Mittel f\u00fcr die Initiative &#8222;Saubere Stadt&#8220;.<\/p>\n","protected":false},"excerpt":{"rendered":"Berlin &amp; Brandenburg Reparaturbonus wird nun doch fortgesetzt 16.10.2025, 16:36 Uhr Das Reparieren von Elektroger\u00e4ten kann Ressourcen schonen&hellip;\n","protected":false},"author":2,"featured_media":503401,"comment_status":"","ping_status":"","sticky":false,"template":"","format":"standard","meta":{"footnotes":""},"categories":[1816],"tags":[1960,1958,1959,1957,296,1956,1890,29,30,64266],"class_list":{"0":"post-503400","1":"post","2":"type-post","3":"status-publish","4":"format-standard","5":"has-post-thumbnail","7":"category-brandenburg","8":"tag-aktuelle-nachrichten-aus-berlin-und-brandenburg","9":"tag-aktuelle-nachrichten-aus-brandenburg","10":"tag-aktuelle-news-aus-berlin-und-brandenburg","11":"tag-aktuelle-news-aus-brandenburg","12":"tag-berlin","13":"tag-berlin-und-brandenburg","14":"tag-brandenburg","15":"tag-deutschland","16":"tag-germany","17":"tag-reparaturbonus"},"share_on_mastodon":{"url":"https:\/\/pubeurope.com\/@de\/115384359965344514","error":""},"_links":{"self":[{"href":"https:\/\/www.europesays.com\/de\/wp-json\/wp\/v2\/posts\/503400","targetHints":{"allow":["GET"]}}],"collection":[{"href":"https:\/\/www.europesays.com\/de\/wp-json\/wp\/v2\/posts"}],"about":[{"href":"https:\/\/www.europesays.com\/de\/wp-json\/wp\/v2\/types\/post"}],"author":[{"embeddable":true,"href":"https:\/\/www.europesays.com\/de\/wp-json\/wp\/v2\/users\/2"}],"replies":[{"embeddable":true,"href":"https:\/\/www.europesays.com\/de\/wp-json\/wp\/v2\/comments?post=503400"}],"version-history":[{"count":0,"href":"https:\/\/www.europesays.com\/de\/wp-json\/wp\/v2\/posts\/503400\/revisions"}],"wp:featuredmedia":[{"embeddable":true,"href":"https:\/\/www.europesays.com\/de\/wp-json\/wp\/v2\/media\/503401"}],"wp:attachment":[{"href":"https:\/\/www.europesays.com\/de\/wp-json\/wp\/v2\/media?parent=503400"}],"wp:term":[{"taxonomy":"category","embeddable":true,"href":"https:\/\/www.europesays.com\/de\/wp-json\/wp\/v2\/categories?post=503400"},{"taxonomy":"post_tag","embeddable":true,"href":"https:\/\/www.europesays.com\/de\/wp-json\/wp\/v2\/tags?post=503400"}],"curies":[{"name":"wp","href":"https:\/\/api.w.org\/{rel}","templated":true}]}}