{"id":503405,"date":"2025-10-16T14:41:11","date_gmt":"2025-10-16T14:41:11","guid":{"rendered":"https:\/\/www.europesays.com\/de\/503405\/"},"modified":"2025-10-16T14:41:11","modified_gmt":"2025-10-16T14:41:11","slug":"polizeibekannter-mann-greift-rollstuhlfahrer-mit-eisenstange-an","status":"publish","type":"post","link":"https:\/\/www.europesays.com\/de\/503405\/","title":{"rendered":"Polizeibekannter Mann greift Rollstuhlfahrer mit Eisenstange an"},"content":{"rendered":"<p class=\"tspBHk0 tspBHk1\">Am Berliner S-Bahnhof S\u00fcdkreuz ist am Mittwochabend ein polizeibekannter Mann mit einer Eisenstange auf einen Rollstuhlfahrer losgegangen. Die Bundespolizei nahm den Tatverd\u00e4chtigen vorl\u00e4ufig fest. Wie die Beh\u00f6rde mitteilte, griff der Mann gegen 23.15 Uhr den Rollstuhlfahrer unvermittelt aus bislang ungekl\u00e4rten Gr\u00fcnden auf dem Bahnsteig an.<\/p>\n<p>Tagesspiegel Checkpoint: Berlins beliebtester Newsletter<\/p>\n<p><img decoding=\"async\" src=\"https:\/\/www.europesays.com\/de\/wp-content\/uploads\/2025\/04\/cp-icon.png\" alt=\"\" class=\"tspBXfv\"\/><\/p>\n<p class=\"tspBXmz\"> Der schnellste Berlin-\u00dcberblick von Montag bis Samstag. <\/p>\n<p class=\"tspBHk0\">Mehrmals soll er mit einer Eisenstange auf den Rollstuhlfahrer eingeschlagen haben, sodass dieser aus seinem Rollstuhl auf den Boden fiel. Als der Mann versuchte, sich aufzurichten, trat ihm der Angreifer gegen den Kopf. Mitarbeitende der Deutschen Bahn sowie Zeugen griffen ein.<\/p>\n<p class=\"tspBHk0\">Alarmierte Einsatzkr\u00e4fte der Bundespolizei nahmen den 42-j\u00e4hrigen Angreifer vorl\u00e4ufig fest. Der 47-j\u00e4hrige Rollstuhlfahrer wurde vor Ort von Rettungskr\u00e4ften medizinisch versorgt.<\/p>\n<p> Mehr Kriminalit\u00e4t in Berlin <a href=\"https:\/\/www.tagesspiegel.de\/berlin\/bande-falscher-polizisten-vor-berliner-gericht-drei-frauen-sollen-mehr-als-200000-euro-erbeutet-haben-14586062.html?icid=topic-list_14588099___\" data-gtm-class=\"article-mzt-link\" class=\"tspBRlv\" target=\"_blank\" rel=\"noopener\">Bande falscher Polizisten vor Berliner Gericht Drei Frauen sollen mehr als 200.000 Euro erbeutet haben <\/a><a href=\"https:\/\/www.tagesspiegel.de\/berlin\/bezirke\/neukoelln\/antisemitische-morddrohungen-gegen-kneipe-bajszel-neukollner-bezirksverordnete-erklaren-sich-solidarisch--linke-stimmen-dagegen-14582066.html?icid=topic-list_14588099___\" data-gtm-class=\"article-mzt-link\" class=\"tspBRlv\" target=\"_blank\" rel=\"noopener\">Antisemitische Morddrohungen gegen Kneipe \u201eBajszel\u201c Neuk\u00f6llner Bezirksverordnete erkl\u00e4ren sich solidarisch \u2013 Linke stimmen dagegen <\/a><a href=\"https:\/\/www.tagesspiegel.de\/berlin\/fast-zehn-jahre-haft-fur-femizid-in-spandau-60-jahriger-prugelt-frau-mit-kantholz-zu-tode-und-geht-ins-gefangnis-14583878.html?icid=topic-list_14588099___\" data-gtm-class=\"article-mzt-link\" class=\"tspBRlv\" target=\"_blank\" rel=\"noopener\">Fast zehn Jahre Haft f\u00fcr Femizid in Spandau 60-J\u00e4hriger pr\u00fcgelt Frau mit Kantholz zu Tode und geht ins Gef\u00e4ngnis <\/a><\/p>\n<p class=\"tspBHk0\">Die Bundespolizei sicherte eigenen Angaben zufolge Videoaufzeichnungen, stellte die Eisenstange sicher und leitete Ermittlungen wegen des Verdachts der gef\u00e4hrlichen K\u00f6rperverletzung gegen den polizeibekannten Tatverd\u00e4chtigen ein. Der 42-J\u00e4hrige wurde einem Richter zur Entscheidung \u00fcber dessen Inhaftierung vorgef\u00fchrt. (Tsp)<\/p>\n","protected":false},"excerpt":{"rendered":"Am Berliner S-Bahnhof S\u00fcdkreuz ist am Mittwochabend ein polizeibekannter Mann mit einer Eisenstange auf einen Rollstuhlfahrer losgegangen. Die&hellip;\n","protected":false},"author":2,"featured_media":503406,"comment_status":"","ping_status":"","sticky":false,"template":"","format":"standard","meta":{"footnotes":""},"categories":[1825],"tags":[296,29,30,528],"class_list":{"0":"post-503405","1":"post","2":"type-post","3":"status-publish","4":"format-standard","5":"has-post-thumbnail","7":"category-berlin","8":"tag-berlin","9":"tag-deutschland","10":"tag-germany","11":"tag-tempelhof-schoeneberg"},"share_on_mastodon":{"url":"https:\/\/pubeurope.com\/@de\/115384371611995852","error":""},"_links":{"self":[{"href":"https:\/\/www.europesays.com\/de\/wp-json\/wp\/v2\/posts\/503405","targetHints":{"allow":["GET"]}}],"collection":[{"href":"https:\/\/www.europesays.com\/de\/wp-json\/wp\/v2\/posts"}],"about":[{"href":"https:\/\/www.europesays.com\/de\/wp-json\/wp\/v2\/types\/post"}],"author":[{"embeddable":true,"href":"https:\/\/www.europesays.com\/de\/wp-json\/wp\/v2\/users\/2"}],"replies":[{"embeddable":true,"href":"https:\/\/www.europesays.com\/de\/wp-json\/wp\/v2\/comments?post=503405"}],"version-history":[{"count":0,"href":"https:\/\/www.europesays.com\/de\/wp-json\/wp\/v2\/posts\/503405\/revisions"}],"wp:featuredmedia":[{"embeddable":true,"href":"https:\/\/www.europesays.com\/de\/wp-json\/wp\/v2\/media\/503406"}],"wp:attachment":[{"href":"https:\/\/www.europesays.com\/de\/wp-json\/wp\/v2\/media?parent=503405"}],"wp:term":[{"taxonomy":"category","embeddable":true,"href":"https:\/\/www.europesays.com\/de\/wp-json\/wp\/v2\/categories?post=503405"},{"taxonomy":"post_tag","embeddable":true,"href":"https:\/\/www.europesays.com\/de\/wp-json\/wp\/v2\/tags?post=503405"}],"curies":[{"name":"wp","href":"https:\/\/api.w.org\/{rel}","templated":true}]}}