{"id":503410,"date":"2025-10-16T14:44:11","date_gmt":"2025-10-16T14:44:11","guid":{"rendered":"https:\/\/www.europesays.com\/de\/503410\/"},"modified":"2025-10-16T14:44:11","modified_gmt":"2025-10-16T14:44:11","slug":"unglaubliche-performance-christopher-nolan-wuerde-dwayne-johnson-den-oscar-verleihen","status":"publish","type":"post","link":"https:\/\/www.europesays.com\/de\/503410\/","title":{"rendered":"&#8222;Unglaubliche Performance&#8220;: Christopher Nolan w\u00fcrde Dwayne Johnson den Oscar verleihen"},"content":{"rendered":"<p>                    &#8222;Unglaubliche Performance&#8220;<br \/>\n                Christopher Nolan w\u00fcrde Dwayne Johnson den Oscar verleihen<\/p>\n<p>\t\t\t\t              16.10.2025, 13:10 Uhr<\/p>\n<p>\t\t\t\t\t       Artikel anh\u00f6ren<\/p>\n<p>\t\t\t\t\t\t\tDiese Audioversion wurde k\u00fcnstlich generiert. <a href=\"https:\/\/www.n-tv.de\/23249898\" target=\"_blank\" rel=\"noopener\">Mehr Infos<\/a><\/p>\n<p><strong>Mit Oscars kennt sich Christopher Nolan bestens aus. Zwei davon hat er im Schrank. Nun f\u00e4llt der &#8222;Oppenheimer&#8220;-Regisseur ein \u00fcberraschendes Urteil zur schauspielerischen Leistung von Actionstar Dwayne &#8222;The Rock&#8220; Johnson.<\/strong><\/p>\n<p>Acht Mal war Christopher Nolan f\u00fcr den Oscar nominiert. Zwei Goldjungs durfte er f\u00fcr &#8222;Oppenheimer&#8220; mit nach Hause nehmen. Der Mann verf\u00fcgt also durchaus \u00fcber Expertise, was das Filmgesch\u00e4ft angeht. So mag es f\u00fcr den einen oder anderen \u00fcberraschend sein, dass Nolan nun im Podcast &#8222;The Director&#8217;s Cut&#8220; der Directors Guild of America in den h\u00f6chsten T\u00f6nen ausgerechnet von der schauspielerischen Leistung von Dwayne &#8222;The Rock&#8220; Johnson schw\u00e4rmt. Der ehemalige Wrestler war bislang eher f\u00fcr Rollen in Actionfilmen bekannt, in denen er meist den wortkargen, aber umso schlagkr\u00e4ftigeren Helden verk\u00f6rperte. <\/p>\n<p>Nun will Johnson im Film &#8222;The Smashing Machine&#8220;, in der das Schicksal des UFC-K\u00e4mpfers Mark Kerr erz\u00e4hlt wird, beweisen, dass er auch zum Charakterdarsteller taugt. Nolan hat er offenbar bereits v\u00f6llig \u00fcberzeugt: &#8222;Ich denke, es ist eine unglaubliche Performance. Man wird dieses Jahr keine bessere Leistung sehen.&#8220; Johnson spiele &#8222;herzzerrei\u00dfend&#8220;, urteilt der &#8222;Oppenheimer&#8220;-Regisseur. Ginge es nach Nolan, so w\u00fcrde bei der Anfang n\u00e4chsten Jahres anstehenden Oscar-Verleihung kein Weg an &#8222;The Rock&#8220; als bestem Hauptdarsteller vorbeif\u00fchren.<\/p>\n<p>Nolan und Johnson haben bislang nie zusammengearbeitet. Doch die gegenseitige Wertsch\u00e4tzung besteht schon l\u00e4nger. Der Regisseur hatte sich bereits in der Vergangenheit als Fan der &#8222;Fast &amp; Furious&#8220;-Reihe geoutet, in der Johnson jahrelang mitspielte. Dieser wiederum schw\u00e4rmte vom &#8222;erstaunlichen&#8220; Erlebnis, &#8222;Oppenheimer&#8220; im IMAX-Format gesehen zu haben.<\/p>\n<p>&#8222;Radikaler&#8220; Film<\/p>\n<p>Das Gespr\u00e4ch im Podcast f\u00fchrte Nolan mit Benny Safdie, dem Regisseur von &#8222;The Smashing Machine&#8220;. Dabei kam eine am\u00fcsante Anekdote ans Licht: Safdie entwickelte sein Projekt ausgerechnet in der Zeit, in der er selbst als Schauspieler f\u00fcr Nolans &#8222;Oppenheimer&#8220; vor der Kamera stand. Auch Emily Blunt, Johnsons Co-Star in &#8222;The Smashing Machine&#8220;, lernte er bei diesem Dreh kennen.<\/p>\n<p>&#8222;Ich h\u00f6rte das Ger\u00fccht, dass du, als du eigentlich deinen Text f\u00fcr &#8218;Oppenheimer&#8216; lernen solltest, tats\u00e4chlich Leute f\u00fcr deinen Film angeworben hast&#8220;, scherzte Nolan daraufhin. &#8222;Das war mir damals nicht bewusst, aber es scheint ja gro\u00dfartig f\u00fcr dich funktioniert zu haben.&#8220; Safdie best\u00e4tigte, dass er Emily Blunt tats\u00e4chlich w\u00e4hrend einer &#8222;Oppenheimer&#8220;-Fragerunde darauf angesprochen hatte, ob sie Interesse an seinem Filmprojekt habe.<\/p>\n<p>Zum Abschluss des Podcasts w\u00fcrdigte Nolan Safdies Werk: &#8222;Gratulation zu dem Film. Es ist ein wirklich bemerkenswertes und radikales Werk, das mit der Zeit immer mehr verstanden werden wird. Ich bin sehr stolz, dich zu kennen.&#8220; In Deutschland l\u00e4uft &#8222;The Smashing Machine&#8220; seit dem 2. Oktober im Kino. <\/p>\n","protected":false},"excerpt":{"rendered":"&#8222;Unglaubliche Performance&#8220; Christopher Nolan w\u00fcrde Dwayne Johnson den Oscar verleihen 16.10.2025, 13:10 Uhr Artikel anh\u00f6ren Diese Audioversion wurde&hellip;\n","protected":false},"author":2,"featured_media":503411,"comment_status":"","ping_status":"","sticky":false,"template":"","format":"standard","meta":{"footnotes":""},"categories":[1776],"tags":[1801,29,214,92,30,683,20932,1802,215],"class_list":{"0":"post-503410","1":"post","2":"type-post","3":"status-publish","4":"format-standard","5":"has-post-thumbnail","7":"category-prominente","8":"tag-celebrities","9":"tag-deutschland","10":"tag-entertainment","11":"tag-film","12":"tag-germany","13":"tag-hollywood","14":"tag-oscars","15":"tag-prominente","16":"tag-unterhaltung"},"share_on_mastodon":{"url":"https:\/\/pubeurope.com\/@de\/115384383481295631","error":""},"_links":{"self":[{"href":"https:\/\/www.europesays.com\/de\/wp-json\/wp\/v2\/posts\/503410","targetHints":{"allow":["GET"]}}],"collection":[{"href":"https:\/\/www.europesays.com\/de\/wp-json\/wp\/v2\/posts"}],"about":[{"href":"https:\/\/www.europesays.com\/de\/wp-json\/wp\/v2\/types\/post"}],"author":[{"embeddable":true,"href":"https:\/\/www.europesays.com\/de\/wp-json\/wp\/v2\/users\/2"}],"replies":[{"embeddable":true,"href":"https:\/\/www.europesays.com\/de\/wp-json\/wp\/v2\/comments?post=503410"}],"version-history":[{"count":0,"href":"https:\/\/www.europesays.com\/de\/wp-json\/wp\/v2\/posts\/503410\/revisions"}],"wp:featuredmedia":[{"embeddable":true,"href":"https:\/\/www.europesays.com\/de\/wp-json\/wp\/v2\/media\/503411"}],"wp:attachment":[{"href":"https:\/\/www.europesays.com\/de\/wp-json\/wp\/v2\/media?parent=503410"}],"wp:term":[{"taxonomy":"category","embeddable":true,"href":"https:\/\/www.europesays.com\/de\/wp-json\/wp\/v2\/categories?post=503410"},{"taxonomy":"post_tag","embeddable":true,"href":"https:\/\/www.europesays.com\/de\/wp-json\/wp\/v2\/tags?post=503410"}],"curies":[{"name":"wp","href":"https:\/\/api.w.org\/{rel}","templated":true}]}}