{"id":503412,"date":"2025-10-16T14:45:16","date_gmt":"2025-10-16T14:45:16","guid":{"rendered":"https:\/\/www.europesays.com\/de\/503412\/"},"modified":"2025-10-16T14:45:16","modified_gmt":"2025-10-16T14:45:16","slug":"wertvolles-bild-verschwunden-auf-dem-weg-zur-ausstellung","status":"publish","type":"post","link":"https:\/\/www.europesays.com\/de\/503412\/","title":{"rendered":"Wertvolles Bild verschwunden auf dem Weg zur Ausstellung"},"content":{"rendered":"<p>Polizei r\u00e4tselt <\/p>\n<p>Picasso-Bild auf Weg zu Ausstellung verschwunden<\/p>\n<p>16.10.2025 &#8211; 15:50 UhrLesedauer: 2 Min.<\/p>\n<p><a href=\"#focus-0\" class=\"transition-colors duration-200 block text-current relative\" data-sctrack=\"FocusGalleryImage.Reference\"><img fetchpriority=\"high\" data-testid=\"Opener.Image\" style=\"--lqipURL:url('https:\/\/images.t-online.de\/2023\/11\/cm7XVDRbt1jq\/0x514:2940x1654\/fit-in\/150x0\/filters:blur(25)\/1951-pablo-picasso-und-francoise-gilot.jpg')\"   loading=\"eager\" src=\"https:\/\/www.europesays.com\/de\/wp-content\/uploads\/2025\/10\/1951-pablo-picasso-und-francoise-gilot.jpg\" alt=\"1951: Pablo Picasso und Francoise Gilot.\" title=\"1951: Pablo Picasso und Francoise Gilot.\" width=\"2940\" height=\"1654\" class=\"bg-[url:var(--lqipURL)] bg-cover bg-center flex h-full w-full max-w-full\" decoding=\"async\"\/><img style=\"--width:32;--height:32\" loading=\"lazy\" src=\"https:\/\/www.t-online.de\/s\/paper\/_next\/static\/media\/zoom-in.f7dae02f.svg\" alt=\"Vergr\u00f6\u00dfern des Bildes\" title=\"Vergr\u00f6\u00dfern des Bildes\" class=\"block h-[calc(var(--height)_\/_16_*_1rem)] w-[calc(var(--width)_\/_16_*_1rem)] max-w-none absolute bottom-8 right-8 rounded-4 bg-snow p-8\" decoding=\"async\"\/><\/a><\/p>\n<p>Pablo Picasso und und die Malerin Francoise Gilot (Archivbild): Die beiden waren bis 1953 ein Paar. (Quelle: Roger Viollet via Getty Images\/Roger Viollet via Getty Images)<\/p>\n<p class=\"font-bold text-18 leading-17\">In Granada soll ein wertvolles Bild von Picasso gezeigt werden. Doch dann ist es auf einmal fort: Jetzt ermittelt die Nationalpolizei.<\/p>\n<p class=\"text-18 leading-17\">In <a class=\"transition-colors duration-200 cursor-pointer text-inherit no-underline text-salemsfur md:hover:text-magenta md:hover:border-magenta md:focus:text-magenta border-current border-b border-solid break-words\" href=\"https:\/\/www.t-online.de\/themen\/spanien\/\" data-sctrack=\"BodyAnchor\" target=\"_blank\" rel=\"noopener\">Spanien<\/a> ist ein \u00d6lgem\u00e4lde von Pablo Picasso verschwunden. Wie zuerst die Lokalzeitung &#8222;Ideal&#8220; berichtete, sollte das Bild &#8222;Stillleben mit Gitarre&#8220; in Granada bei der Ausstellung &#8222;Die Ewigkeit des Reglosen&#8220; gezeigt werden.<\/p>\n<p class=\"text-18 leading-17\">Doch irgendwo auf dem Transport von <a class=\"transition-colors duration-200 cursor-pointer text-inherit no-underline text-salemsfur md:hover:text-magenta md:hover:border-magenta md:focus:text-magenta border-current border-b border-solid break-words\" href=\"https:\/\/www.t-online.de\/themen\/madrid\/\" data-sctrack=\"BodyAnchor\" target=\"_blank\" rel=\"noopener\">Madrid<\/a> ins Kulturzentrum CajaGranada scheinen Kunstdiebe zugeschlagen haben. Wie die Nachrichtenagentur EFE berichtete, wurde der Verlust des mit 600.000 Euro versicherten Bildes am 10. Oktober der Polizei angezeigt.<\/p>\n<p class=\"text-18 leading-17\">Der Stiftung CajaGranada zufolge stammen alle Exponate der Ausstellung aus privaten Sammlungen. Am 3. Oktober habe ein Transportunternehmen die mehr als 50 Werke zusammen aus Madrid angeliefert. Vor Ort in Granada seien alle Bilder vom Ausstellungsleiter in Empfang genommen und \u00fcber den Lastenaufzug in einen Saal im ersten Stock gebracht worden.<\/p>\n<p class=\"text-18 leading-17\">Die einzelnen Bilder nahm der Ausstellungsleiter verpackt entgegen. Laut der Stiftung habe er sie nur anhand der Frachtbriefe \u00fcberpr\u00fcft. Das Auspacken habe dann am 6. Oktober morgens begonnen. Erst als alle Bilder im Raum verteilt gewesen seien, sei das Fehlen des Picasso-Bildes &#8222;Stillleben mit Gitarre&#8220; aufgefallen.<\/p>\n<p class=\"text-18 leading-17\">Seit der Anlieferung der Bilder im Kulturzentrum CajaGranada seien die St\u00fccke permanent per Video \u00fcberwacht worden, hie\u00df es. Die Aufnahmen w\u00fcrden best\u00e4tigen, dass es am Wochenende zwischen dem 3. und dem 6. Oktober zu keinen Zwischenf\u00e4llen in den R\u00e4umen des Kulturzentrums gekommen sei, versicherte die Stiftung.<\/p>\n<p class=\"text-18 leading-17\">Werke des spanischen K\u00fcnstlers Pablo Picasso werden wegen ihres hohen Marktwertes immer wieder gestohlen. Bei einem der bekanntesten F\u00e4lle waren 1976 mehr als 100 Picasso-Werke aus dem Museum des Papstpalastes im s\u00fcdfranz\u00f6sischen Avignon gestohlen worden. Letztlich wurden alle Werke wiedergefunden.<\/p>\n","protected":false},"excerpt":{"rendered":"Polizei r\u00e4tselt Picasso-Bild auf Weg zu Ausstellung verschwunden 16.10.2025 &#8211; 15:50 UhrLesedauer: 2 Min. Pablo Picasso und und&hellip;\n","protected":false},"author":2,"featured_media":503413,"comment_status":"","ping_status":"","sticky":false,"template":"","format":"standard","meta":{"footnotes":""},"categories":[1775],"tags":[1434,1793,125855,29,125856,214,30,125854,1794,10277,24025,121,4026,2332,215],"class_list":{"0":"post-503412","1":"post","2":"type-post","3":"status-publish","4":"format-standard","5":"has-post-thumbnail","7":"category-kunst-und-design","8":"tag-1434","9":"tag-art-and-design","10":"tag-cajagranada","11":"tag-deutschland","12":"tag-efe","13":"tag-entertainment","14":"tag-germany","15":"tag-granada","16":"tag-kunst-und-design","17":"tag-madrid","18":"tag-pablo-picasso","19":"tag-polizei","20":"tag-spanien","21":"tag-transport","22":"tag-unterhaltung"},"share_on_mastodon":{"url":"https:\/\/pubeurope.com\/@de\/115384387428365686","error":""},"_links":{"self":[{"href":"https:\/\/www.europesays.com\/de\/wp-json\/wp\/v2\/posts\/503412","targetHints":{"allow":["GET"]}}],"collection":[{"href":"https:\/\/www.europesays.com\/de\/wp-json\/wp\/v2\/posts"}],"about":[{"href":"https:\/\/www.europesays.com\/de\/wp-json\/wp\/v2\/types\/post"}],"author":[{"embeddable":true,"href":"https:\/\/www.europesays.com\/de\/wp-json\/wp\/v2\/users\/2"}],"replies":[{"embeddable":true,"href":"https:\/\/www.europesays.com\/de\/wp-json\/wp\/v2\/comments?post=503412"}],"version-history":[{"count":0,"href":"https:\/\/www.europesays.com\/de\/wp-json\/wp\/v2\/posts\/503412\/revisions"}],"wp:featuredmedia":[{"embeddable":true,"href":"https:\/\/www.europesays.com\/de\/wp-json\/wp\/v2\/media\/503413"}],"wp:attachment":[{"href":"https:\/\/www.europesays.com\/de\/wp-json\/wp\/v2\/media?parent=503412"}],"wp:term":[{"taxonomy":"category","embeddable":true,"href":"https:\/\/www.europesays.com\/de\/wp-json\/wp\/v2\/categories?post=503412"},{"taxonomy":"post_tag","embeddable":true,"href":"https:\/\/www.europesays.com\/de\/wp-json\/wp\/v2\/tags?post=503412"}],"curies":[{"name":"wp","href":"https:\/\/api.w.org\/{rel}","templated":true}]}}