{"id":503414,"date":"2025-10-16T14:46:20","date_gmt":"2025-10-16T14:46:20","guid":{"rendered":"https:\/\/www.europesays.com\/de\/503414\/"},"modified":"2025-10-16T14:46:20","modified_gmt":"2025-10-16T14:46:20","slug":"der-grosse-gary-von-rob-perry-auf-den-hund-gekommen","status":"publish","type":"post","link":"https:\/\/www.europesays.com\/de\/503414\/","title":{"rendered":"&#8222;Der gro\u00dfe Gary&#8220; von Rob Perry \u2013 Auf den Hund gekommen"},"content":{"rendered":"<ul>\n<li>Die Buchhandlung &#8222;Die Schatulle&#8220; in Osterholz-Scharmbeck empfiehlt f\u00fcr den Herbst den Roman &#8222;Der gro\u00dfe Gary&#8220; von Rob Perry als passende Lekt\u00fcre.<\/li>\n<li>Der diesj\u00e4hrige Literaturnobelpreis ging an L\u00e1szl\u00f3 Krasznahorkai, dessen Werke f\u00fcr ihren d\u00fcsteren Stil und komplexe Sprache bekannt sind.<\/li>\n<li>&#8222;Der gro\u00dfe Gary&#8220; erz\u00e4hlt von Benjamin, der mit \u00c4ngsten k\u00e4mpft, einem Windhund begegnet und sich mit seinem Freund Leonard auf eine abenteuerliche Flucht begibt.<\/li>\n<\/ul>\n<p>            Mehr anzeigen<br \/>\n            Weniger anzeigen<\/p>\n<p>L\u00e1szl\u00f3 Krasznahorkai hat dieser Tage den Nobelpreis f\u00fcr Literatur verliehen bekommen. Entsprechend hoch d\u00fcrfte gerade die Nachfrage nach seinen B\u00fcchern in den Gesch\u00e4ften sein. Aber sind sein als d\u00fcster und apokalyptisch beschriebener Stil und seine komplexe Sprache die richtige Lekt\u00fcre, um in die Herbstferien einzutauchen und den Alltag f\u00fcr ein paar Tage oder wenige Stunden hinter sich zu lassen? Keine Sorge, auch f\u00fcr die, die diese Frage mit Nein beantworten, haben die Fachfrauen der Buchhandlung &#8222;Die Schatulle&#8220; in Osterholz-Scharmbeck Alternativvorschl\u00e4ge. Ihre aktuelle Empfehlung lautet &#8222;Der gro\u00dfe Gary&#8220; von Rob Perry:<\/p>\n<p>    <img decoding=\"async\" data-w=\"1200 1 Portrait\" alt=\"&quot;Der gro\u00dfe Gary&quot; von Rob Perry ist im DuMont Verlag (ISBN 978-3-7558-0032-3) erschienen und kostet 24 Euro.\" class=\"inline-gallery__image withsrc\" style=\"width:auto;max-height:none;object-fit:cover;\" loading=\"lazy\"   src=\"https:\/\/www.europesays.com\/de\/wp-content\/uploads\/2025\/10\/Portraitdoc82rdaszxsi917z3n9ky2-jpg.webp.webp\"\/><\/p>\n<p>&#8222;Der gro\u00dfe Gary&#8220; von Rob Perry ist im DuMont Verlag (ISBN 978-3-7558-0032-3) erschienen und kostet 24 Euro.<\/p>\n<p>                    Foto:<br \/>\n     DuMont Verlag <\/p>\n<p>Wer Sonderlinge und Hunde mag, f\u00fcr den ist der Roman &#8222;Der gro\u00dfe Gary&#8220; von Rob Perry genau das Richtige. Benjamin, geplagt wird von \u00c4ngsten aller Art, ist eigentlich allein mit seinem Leben schon komplett \u00fcberfordert. Er lebt eigentlich mit seiner Gro\u00dfmutter, die aber gerade ins Krankenhaus gekommen ist, in einem Caravan Park an der Ostk\u00fcste Englands. Sie fehlt ihm und um sich abzulenken, geht er eines Tages an den Strand, um sich einen toten Wal anzusehen. Dort trifft er auf einen Hund, der eine rote Leine hinter sich herzieht. Weit und breit ist sonst niemand zu sehen, und als Benjamin wieder geht, l\u00e4uft der Hund ihm hinterher.<\/p>\n<p>Dass es sich um einen ber\u00fchmten und wertvollen Windhund handelt, wei\u00df Benjamin da noch nicht, erst durch eine Zufallsbekanntschaft erf\u00e4hrt er, was ihm da zugelaufen ist. Kaum hat er das realisiert, wird er schon von den brutalen Besitzern des Hundes gesucht, und da ihm das Tier mittlerweile nat\u00fcrlich ans Herz gewachsen ist, muss er sein sicheres Zuhause verlassen, um den Hund zu besch\u00fctzen. Mit seinem neuen Freund Leonard begibt er sich auf eine abenteuerliche Flucht, die Benjamin viel abverlangt und die am Ende f\u00fcr ihn zu einer sehr pers\u00f6nlichen Erfahrung wird. Eine sehr vergn\u00fcgliche Geschichte, die aber auch durchaus traurige und nachdenkliche Momente hat.<\/p>\n<p>                        <a href=\"https:\/\/www.weser-kurier.de\/\" id=\"home\" class=\"button primary-primary font-size-15_1 m-0a customEvent\" data-layer-event-name=\"customEvent\" data-layer-trigger=\"click\" data-layer-category=\"artikelscoring\" data-layer-action=\"startseite_button\" data-layer-label=\"doc82rd7fc7ib91fecxil4m\" data-layer-value=\"https:\/\/www.weser-kurier.de\/landkreis-osterholz\/stadt-osterholz-scharmbeck\/1\" rel=\"nofollow noopener\" target=\"_blank\">Zur Startseite<\/a><\/p>\n","protected":false},"excerpt":{"rendered":"Die Buchhandlung &#8222;Die Schatulle&#8220; in Osterholz-Scharmbeck empfiehlt f\u00fcr den Herbst den Roman &#8222;Der gro\u00dfe Gary&#8220; von Rob Perry&hellip;\n","protected":false},"author":2,"featured_media":503415,"comment_status":"","ping_status":"","sticky":false,"template":"","format":"standard","meta":{"footnotes":""},"categories":[1774],"tags":[1784,1785,29,214,30,215],"class_list":{"0":"post-503414","1":"post","2":"type-post","3":"status-publish","4":"format-standard","5":"has-post-thumbnail","7":"category-buecher","8":"tag-books","9":"tag-buecher","10":"tag-deutschland","11":"tag-entertainment","12":"tag-germany","13":"tag-unterhaltung"},"share_on_mastodon":{"url":"https:\/\/pubeurope.com\/@de\/115384391266205903","error":""},"_links":{"self":[{"href":"https:\/\/www.europesays.com\/de\/wp-json\/wp\/v2\/posts\/503414","targetHints":{"allow":["GET"]}}],"collection":[{"href":"https:\/\/www.europesays.com\/de\/wp-json\/wp\/v2\/posts"}],"about":[{"href":"https:\/\/www.europesays.com\/de\/wp-json\/wp\/v2\/types\/post"}],"author":[{"embeddable":true,"href":"https:\/\/www.europesays.com\/de\/wp-json\/wp\/v2\/users\/2"}],"replies":[{"embeddable":true,"href":"https:\/\/www.europesays.com\/de\/wp-json\/wp\/v2\/comments?post=503414"}],"version-history":[{"count":0,"href":"https:\/\/www.europesays.com\/de\/wp-json\/wp\/v2\/posts\/503414\/revisions"}],"wp:featuredmedia":[{"embeddable":true,"href":"https:\/\/www.europesays.com\/de\/wp-json\/wp\/v2\/media\/503415"}],"wp:attachment":[{"href":"https:\/\/www.europesays.com\/de\/wp-json\/wp\/v2\/media?parent=503414"}],"wp:term":[{"taxonomy":"category","embeddable":true,"href":"https:\/\/www.europesays.com\/de\/wp-json\/wp\/v2\/categories?post=503414"},{"taxonomy":"post_tag","embeddable":true,"href":"https:\/\/www.europesays.com\/de\/wp-json\/wp\/v2\/tags?post=503414"}],"curies":[{"name":"wp","href":"https:\/\/api.w.org\/{rel}","templated":true}]}}