{"id":503416,"date":"2025-10-16T14:47:13","date_gmt":"2025-10-16T14:47:13","guid":{"rendered":"https:\/\/www.europesays.com\/de\/503416\/"},"modified":"2025-10-16T14:47:13","modified_gmt":"2025-10-16T14:47:13","slug":"prosiebensat-1-berlusconi-und-soeder-einig","status":"publish","type":"post","link":"https:\/\/www.europesays.com\/de\/503416\/","title":{"rendered":"ProSiebenSat.1: Berlusconi und S\u00f6der einig"},"content":{"rendered":"<p>            <img decoding=\"async\" fetchpriority=\"high\" width=\"696\" height=\"400\" data-no-lazy=\"\" class=\"entry-thumb\" src=\"https:\/\/www.europesays.com\/de\/wp-content\/uploads\/2025\/10\/prosiebensat1-campus-696x400.jpg\" alt=\"Der ProSiebenSat.1-Campus\" title=\"prosiebensat1-campus\"\/>Bild: ProSiebenSat.1<\/p>\n<p><strong>Beim deutschen TV-Konzern ProSiebenSat.1 haben seit Kurzem Italiener das Sagen. Was bedeutet die neue Kontrolle durch den Berlusconi-Konzern f\u00fcr die Senderzentrale in Bayern und die Besch\u00e4ftigten?<\/strong><\/p>\n<p>F\u00fcr den deutschen Fernsehkonzern ProSiebenSat.1 hat der neue italienische Mehrheitseigner, der Berlusconi-Konzern Media for Europe (MFE), sein Bekenntnis zum Standort Bayern offiziell bekr\u00e4ftigt. Bayerns Ministerpr\u00e4sident Markus S\u00f6der (CSU) und MFE-Vorstandschef Pier Silvio Berlusconi unterzeichneten bei einem Treffen in M\u00fcnchen eine gemeinsame Absichtserkl\u00e4rung.<\/p>\n<p>MFE will den ProSiebenSat.1-Sitz in Unterf\u00f6hring bei M\u00fcnchen demnach langfristig als zentralen Standort f\u00fcr seine Aktivit\u00e4ten im deutschsprachigen Raum etablieren. \u201eF\u00fcr MFE ist dies ein wichtiger und konkreter Schritt, der unser Bekenntnis bekr\u00e4ftigt, in Bayern zu arbeiten und in die Zukunft von ProSiebenSat.1 zu investieren\u201c, sagte Berlusconi einer gemeinsamen Mitteilung zufolge. Er ist der Sohn des 2023 gestorbenen fr\u00fcheren italienischen Regierungschefs Silvio Berlusconi.<\/p>\n<p>S\u00f6der sagte der Mitteilung zufolge: \u201eJetzt ist klar: ProSiebenSat.1 bleibt auch mit den neuen Eigent\u00fcmern MFE langfristig in M\u00fcnchen.\u201c Der Erhalt des Standorts sei von gro\u00dfer Bedeutung und sichere wichtige Arbeitspl\u00e4tze.\u00a0<\/p>\n<p>Europ\u00e4ischer Medienverbund<\/p>\n<p>MFE hatte nach einem Bieterkampf k\u00fcrzlich mit einem Anteil von mehr als 75 Prozent die volle Kontrolle an der ProSiebenSat.1 Media SE \u00fcbernommen. Die internationale Gruppe besitzt bereits Fernsehketten in Italien und in Spanien. Geplant ist der weitere Ausbau zu einem europ\u00e4ischen Senderverbund.<\/p>\n<p>Neben Wachstum erwartet sich MFE von der Zusammenarbeit auch hohe Einsparungen. Eine wichtige Frage ist in solchen F\u00e4llen stets, wo die Zentralen der Sender und die Arbeitspl\u00e4tze sind. F\u00fcr Bayerns Staatsregierung haben\u00a0Medien- und Standortpolitik seit je gro\u00dfe Bedeutung.<\/p>\n<p>Information und Unabh\u00e4ngigkeit<\/p>\n<p>\u201eM\u00fcnchen und Unterf\u00f6hring sind und bleiben das Herzst\u00fcck unserer Arbeit im deutschsprachigen Raum\u201c, sagte Berlusconi. Der Standort solle auch als \u201eCenter of Excellence\u201c ausgebaut werden, der die Aktivit\u00e4ten der MFE-Gruppe rund um K\u00fcnstliche Intelligenz, Streaming und Werbetechnologie b\u00fcndelt.\u00a0<\/p>\n<p>MFE unterstrich der Mitteilung zufolge, einen relevanten Anteil an lokalen Nachrichten- und Informationsinhalten aufrechtzuerhalten. MFE wolle dazu die regionale Nachrichtenproduktion von ProSiebenSat.1 f\u00f6rdern und die Regionalfenster weiterf\u00fchren.<\/p>\n<p>S\u00f6der sagte: \u201eIn Zeiten von Fake News sind lokal produzierte Inhalte und Nachrichten besonders wichtig.\u201c Dieser Bereich solle in Unterf\u00f6hring noch st\u00e4rker ausgebaut werden. Der Freistaat sei ein \u201eTop-Medienstandort\u201c mit insgesamt rund 100 privaten H\u00f6rfunkprogrammen und Lokalsendern, Tausenden Besch\u00e4ftigten und rund sechs Milliarden Euro Umsatz.<\/p>\n<p>Medien und Politik\u00a0<\/p>\n<p>Der fr\u00fchere Patriarch Silvio Berlusconi hatte \u00fcber Jahrzehnte seinen Medienkonzern genutzt, um seine politische Karriere und die von ihm gegr\u00fcndete Partei Forza Italia zu f\u00f6rdern. Die Berlusconi-Kinder sind bislang nicht in die Politik eingestiegen, stehen der Partei aber nach wie vor nahe.<\/p>\n<p>ProSiebenSat.1 ist neben der RTL-Familie der zweite gro\u00dfe private Fernsehkonzern in Deutschland. Neben klassischen Sendern wie ProSieben, Sat.1 und Kabel Eins geh\u00f6rt unter anderem auch der Streaminganbieter Joyn dazu.<\/p>\n<p>Text: dpa \/ Redaktion DF: mw<\/p>\n<p>Au\u00dferdem interessant:<\/p>\n<p class=\"isc_image_list_title\">Bildquelle:<\/p>\n<ul class=\"isc_image_list\">\n<li>prosiebensat1-campus: ProSiebenSat.1<\/li>\n<\/ul>\n","protected":false},"excerpt":{"rendered":"Bild: ProSiebenSat.1 Beim deutschen TV-Konzern ProSiebenSat.1 haben seit Kurzem Italiener das Sagen. Was bedeutet die neue Kontrolle durch&hellip;\n","protected":false},"author":2,"featured_media":503417,"comment_status":"","ping_status":"","sticky":false,"template":"","format":"standard","meta":{"footnotes":""},"categories":[1773],"tags":[29,214,30,9416,471,1780,215],"class_list":{"0":"post-503416","1":"post","2":"type-post","3":"status-publish","4":"format-standard","5":"has-post-thumbnail","7":"category-serien","8":"tag-deutschland","9":"tag-entertainment","10":"tag-germany","11":"tag-prosiebensat-1","12":"tag-serien","13":"tag-series","14":"tag-unterhaltung"},"share_on_mastodon":{"url":"https:\/\/pubeurope.com\/@de\/115384395386255336","error":""},"_links":{"self":[{"href":"https:\/\/www.europesays.com\/de\/wp-json\/wp\/v2\/posts\/503416","targetHints":{"allow":["GET"]}}],"collection":[{"href":"https:\/\/www.europesays.com\/de\/wp-json\/wp\/v2\/posts"}],"about":[{"href":"https:\/\/www.europesays.com\/de\/wp-json\/wp\/v2\/types\/post"}],"author":[{"embeddable":true,"href":"https:\/\/www.europesays.com\/de\/wp-json\/wp\/v2\/users\/2"}],"replies":[{"embeddable":true,"href":"https:\/\/www.europesays.com\/de\/wp-json\/wp\/v2\/comments?post=503416"}],"version-history":[{"count":0,"href":"https:\/\/www.europesays.com\/de\/wp-json\/wp\/v2\/posts\/503416\/revisions"}],"wp:featuredmedia":[{"embeddable":true,"href":"https:\/\/www.europesays.com\/de\/wp-json\/wp\/v2\/media\/503417"}],"wp:attachment":[{"href":"https:\/\/www.europesays.com\/de\/wp-json\/wp\/v2\/media?parent=503416"}],"wp:term":[{"taxonomy":"category","embeddable":true,"href":"https:\/\/www.europesays.com\/de\/wp-json\/wp\/v2\/categories?post=503416"},{"taxonomy":"post_tag","embeddable":true,"href":"https:\/\/www.europesays.com\/de\/wp-json\/wp\/v2\/tags?post=503416"}],"curies":[{"name":"wp","href":"https:\/\/api.w.org\/{rel}","templated":true}]}}