{"id":503428,"date":"2025-10-16T14:53:10","date_gmt":"2025-10-16T14:53:10","guid":{"rendered":"https:\/\/www.europesays.com\/de\/503428\/"},"modified":"2025-10-16T14:53:10","modified_gmt":"2025-10-16T14:53:10","slug":"macbook-pro-2025-apple-streicht-das-netzteil-auch-bei-laptops-nur-in-europa","status":"publish","type":"post","link":"https:\/\/www.europesays.com\/de\/503428\/","title":{"rendered":"MacBook Pro 2025: Apple streicht das Netzteil auch bei Laptops \u2013 nur in Europa"},"content":{"rendered":"<p>    close notice<\/p>\n<p class=\"notice-banner__text a-u-mb-0\">\n      This article is also available in<br \/>\n        <a href=\"https:\/\/www.heise.de\/en\/news\/MacBook-Pro-2025-Apple-removes-the-power-adapter-from-laptops-only-in-Europe-10773537.html\" class=\"notice-banner__link a-u-inline-link\" rel=\"nofollow noopener\" target=\"_blank\">English<\/a>.<\/p>\n<p>      It was translated with technical assistance and editorially reviewed before publication.\n    <\/p>\n<p class=\"notice-banner__link a-u-mb-0\">\n    Don\u2019t show this again.\n<\/p>\n<p>Beim neuen MacBook Pro hei\u00dft es &#8222;BYOP&#8220; \u2013 bring your own power adapter: In Deutschland und weiteren europ\u00e4ischen L\u00e4ndern legt Apple dem am Mittwoch vorgestellten <a href=\"https:\/\/www.heise.de\/news\/Mit-Apple-M5-MacBook-Pro-und-iPad-Pro-2025-sagen-Hallo-10767488.html\" rel=\"nofollow noopener\" target=\"_blank\">MacBook Pro M5<\/a> n\u00e4mlich kein Netzteil mehr bei. W\u00e4hrend das fehlende Ladeger\u00e4t in Online-Bestellungen beim Hersteller relativ klar gekennzeichnet ist, d\u00fcrfte mancher K\u00e4ufer im Einzelhandel erst zu Hause \u00fcberrascht bemerken, dass er seine Laptop-Neuerwerbung gar nicht laden kann.<\/p>\n<p>        Weiterlesen nach der Anzeige<\/p>\n<p>Power Adapter erforderlich<\/p>\n<p><a class=\"fflt-lnk\" href=\"https:\/\/www.apple.com\/de\/store?afid=p239%7C121977&amp;cid=aos-de-aff-ir\" rel=\"nofollow external noopener\" target=\"_blank\">Im Apple Store<\/a> hei\u00dft es zu der \u00c4nderung lapidar: &#8222;Dieser Mac wird ohne Netzteil geliefert. Zum Aufladen dieses Ger\u00e4ts ist ein Netzteil erforderlich.&#8220; Wer eines ben\u00f6tigt, muss dieses getrennt bei Apple hinzubestellen oder erst eines der aufpreispflichtigen Upgrades f\u00fcr das MacBook Pro M5 w\u00e4hlen \u2013 nur dann besteht die Option, es gleich in der Packung mitgeliefert zu bekommen.<\/p>\n<p>F\u00fcr das bislang bei der Basisausf\u00fchrung des MacBook Pro inkludierte <a class=\"pvg-icon-link\" data-teaser-tracking-content=\"textlink-pvg\" data-teaser-tracking-id=\"textlink-pvg-pvg_a3269785-1\" data-teaser-tracking-name=\"pvg_a3269785: Apple USB-C Power Adapter, USB-Netzteil [USB-C], 70W, DE (2024) (MXN53ZM\/A)\" data-teaser-tracking-rank=\"10773475: MacBook Pro 2025: Apple streicht das Netzteil auch\u2026\" href=\"https:\/\/preisvergleich.heise.de\/apple-usb-c-power-adapter-2024-mxn53zm-a-a3269785.html?hocid=macandi&amp;cs_id=1206858352&amp;ccpid=hocid-mac-and-i\" rel=\"external noopener nofollow\" target=\"_blank\">70-Watt-Netzteil berechnet Apple 65 Euro (ab 54,86 \u20ac)<\/a>. Die 96-Watt-Ausf\u00fchrung, die schnelleres Laden erm\u00f6glicht, kostet 85 Euro beim Hersteller. Andere Anbieter vertreiben \u00e4hnlich leistungsf\u00e4hige Netzteile mit USB-C Power Delivery f\u00fcr deutlich weniger Geld. Ein Ladekabel (USB-C auf MagSafe 3) liegt unver\u00e4ndert bei, das MacBook Pro l\u00e4sst sich alternativ auch direkt an einem der drei USB-C-Ports mit Strom versorgen. Das Laden mit schw\u00e4cheren Netzteilen als 60 Watt ist zwar ebenfalls m\u00f6glich, kann aber zum Geduldsspiel werden oder scheitert je nach Leistungsaufnahme.<\/p>\n<p>iPhones schon lange ohne mitgeliefertes Netzteil<\/p>\n<p>Bei iPhones verzichtet Apple bereits seit vielen Jahren auf ein beigelegtes Netzteil. Das soll die Umwelt sch\u00fctzen, f\u00fchrte das Unternehmen bei der Einf\u00fchrung des iPhone 12 ins Feld. Einen konkreten Grund f\u00fcr das fehlende Netzteil beim MacBook Pro nannte der Konzern bislang nicht. <a href=\"https:\/\/www.numerama.com\/tech\/2095545-apple-explique-pourquoi-il-ny-a-plus-de-chargeur-inclus-avec-les-mac-et-ipad-en-europe.html\" rel=\"external noopener nofollow\" target=\"_blank\">Gegen\u00fcber der franz\u00f6sischen Publikation Numerama<\/a> verwies Apple angeblich auf kommende europ\u00e4ische Vorgaben. Das Ladeger\u00e4t wurde wohlgemerkt nicht international aus dem Lieferumfang gestrichen, sondern nur in Europa \u2013  aber nicht allein in EU-Mitgliedsstaaten, sondern auch in der Schweiz und Gro\u00dfbritannien.<\/p>\n<p>        Weiterlesen nach der Anzeige<\/p>\n<p>Die <a href=\"https:\/\/www.heise.de\/news\/Anti-Apple-Richtlinie-Gesetz-fuer-einheitliches-Ladekabel-tritt-in-Kraft-7443376.html\" rel=\"nofollow noopener\" target=\"_blank\">EU-Richtlinie f\u00fcr ein einheitliches Ladeger\u00e4t<\/a> stellt Herstellern frei, ob sie ein Netzteil beipacken oder nicht. Das greift ab Fr\u00fchjahr 2026 auch bei Laptops. Liegt standardm\u00e4\u00dfig ein Netzteil bei, muss der Anbieter allerdings die Option anbieten, das Ger\u00e4t alternativ ohne Netzteil zu erwerben. Diese Komplexit\u00e4t hat Apple wom\u00f6glich gescheut und l\u00e4sst sich das Netzteil lieber gleich extra bezahlen. Der Einstiegspreis des MacBook Pro M5 liegt zwar 100 Euro unter dem des Vorg\u00e4ngermodells, dabei scheint es sich aber um eine reine Wechselkursanpassung zu handeln.<\/p>\n<p>(<a class=\"redakteurskuerzel__link\" href=\"https:\/\/www.heise.de\/news\/mailto:lbe@heise.de\" title=\"Leo Becker\" rel=\"nofollow noopener\" target=\"_blank\">lbe<\/a>)<\/p>\n<p>\n      Dieser Link ist leider nicht mehr g\u00fcltig.\n    <\/p>\n<p>Links zu verschenkten Artikeln werden ung\u00fcltig,<br \/>\n      wenn diese \u00e4lter als 7\u00a0Tage sind oder zu oft aufgerufen wurden.\n    <\/p>\n<p><strong>Sie ben\u00f6tigen ein heise+ Paket, um diesen Artikel zu lesen. Jetzt eine Woche unverbindlich testen \u2013 ohne Verpflichtung!<\/strong><\/p>\n","protected":false},"excerpt":{"rendered":"close notice This article is also available in English. It was translated with technical assistance and editorially reviewed&hellip;\n","protected":false},"author":2,"featured_media":503429,"comment_status":"","ping_status":"","sticky":false,"template":"","format":"standard","meta":{"footnotes":""},"categories":[135],"tags":[231,29,548,30,196,251,78961,190,189,194,191,10879,193,192],"class_list":{"0":"post-503428","1":"post","2":"type-post","3":"status-publish","4":"format-standard","5":"has-post-thumbnail","7":"category-wissenschaft-technik","8":"tag-apple","9":"tag-deutschland","10":"tag-eu","11":"tag-germany","12":"tag-it","13":"tag-laptop","14":"tag-macbook-pro","15":"tag-science","16":"tag-science-technology","17":"tag-technik","18":"tag-technology","19":"tag-usb-c","20":"tag-wissenschaft","21":"tag-wissenschaft-technik"},"share_on_mastodon":{"url":"https:\/\/pubeurope.com\/@de\/115384418901273467","error":""},"_links":{"self":[{"href":"https:\/\/www.europesays.com\/de\/wp-json\/wp\/v2\/posts\/503428","targetHints":{"allow":["GET"]}}],"collection":[{"href":"https:\/\/www.europesays.com\/de\/wp-json\/wp\/v2\/posts"}],"about":[{"href":"https:\/\/www.europesays.com\/de\/wp-json\/wp\/v2\/types\/post"}],"author":[{"embeddable":true,"href":"https:\/\/www.europesays.com\/de\/wp-json\/wp\/v2\/users\/2"}],"replies":[{"embeddable":true,"href":"https:\/\/www.europesays.com\/de\/wp-json\/wp\/v2\/comments?post=503428"}],"version-history":[{"count":0,"href":"https:\/\/www.europesays.com\/de\/wp-json\/wp\/v2\/posts\/503428\/revisions"}],"wp:featuredmedia":[{"embeddable":true,"href":"https:\/\/www.europesays.com\/de\/wp-json\/wp\/v2\/media\/503429"}],"wp:attachment":[{"href":"https:\/\/www.europesays.com\/de\/wp-json\/wp\/v2\/media?parent=503428"}],"wp:term":[{"taxonomy":"category","embeddable":true,"href":"https:\/\/www.europesays.com\/de\/wp-json\/wp\/v2\/categories?post=503428"},{"taxonomy":"post_tag","embeddable":true,"href":"https:\/\/www.europesays.com\/de\/wp-json\/wp\/v2\/tags?post=503428"}],"curies":[{"name":"wp","href":"https:\/\/api.w.org\/{rel}","templated":true}]}}