{"id":503430,"date":"2025-10-16T14:54:11","date_gmt":"2025-10-16T14:54:11","guid":{"rendered":"https:\/\/www.europesays.com\/de\/503430\/"},"modified":"2025-10-16T14:54:11","modified_gmt":"2025-10-16T14:54:11","slug":"lebensmittelindustrie-nestle-will-weltweit-16-000-stellen-abbauen","status":"publish","type":"post","link":"https:\/\/www.europesays.com\/de\/503430\/","title":{"rendered":"Lebensmittelindustrie: Nestl\u00e9 will weltweit 16.000 Stellen abbauen"},"content":{"rendered":"<p class=\"paragraph article__item\">Der Schweizer Lebensmittelkonzern <a class=\"rtr-entity\" href=\"https:\/\/www.zeit.de\/thema\/nestle\" target=\"_blank\" rel=\"noopener\">Nestl\u00e9<\/a> hat den Abbau von weltweit 16.000 Stellen in den kommenden zwei Jahren angek\u00fcndigt. &#8222;Die Welt ver\u00e4ndert sich und Nestl\u00e9 muss sich schneller ver\u00e4ndern&#8220;, wird der neue Konzernchef Philipp Navratil <a href=\"https:\/\/www.nestle.com\/sites\/default\/files\/2025-10\/nine-month-sales-press-release-2025-de.pdf\" class=\"\" target=\"_blank\" rel=\"noopener\">in einer Pressemitteilung<\/a>\u00a0des Unternehmens zitiert. Dazu geh\u00f6rten auch schwierige, aber notwendige Entscheidungen wie eine Reduktion der Belegschaft in den n\u00e4chsten zwei Jahren.\n<\/p>\n<p class=\"paragraph article__item\">Den Angaben zufolge will <a href=\"https:\/\/www.zeit.de\/2025\/41\/nestle-philipp-navratil-konzern-krise-lebensmittelbranche\" class=\"\" target=\"_blank\" rel=\"noopener\">Nestl\u00e9<\/a> bis Ende 2027 j\u00e4hrlich eine Milliarde Franken bei den Personalkosten einsparen. Konzernchef Navratil, der den weltgr\u00f6\u00dften Lebensmittelkonzern erst seit Anfang September f\u00fchrt, hat das gesamte Einsparungsziel von Nestl\u00e9 bis dahin um 500 Millionen Franken auf drei Milliarden Franken erh\u00f6ht. Er will dieses Ziel auch mit anderen Ma\u00dfnahmen wie Digitalisierung und Automatisierung erreichen.\n<\/p>\n<p class=\"paragraph article__item\">Der Nahrungsmittelkonzern will mit dem Sparkurs auch seine Schulden in H\u00f6he von rund 60 Milliarden Franken abbauen. Dies d\u00fcrfte allerdings mehrere Jahre dauern, sagte Nestl\u00e9s Finanzchefin Anna Manz. Geld daf\u00fcr soll unter anderem auch der geplante Verkauf oder Teilverkauf des Mineralwassergesch\u00e4fts des Konzerns bringen.\n<\/p>\n<p class=\"paragraph article__item\">Was die Stellenstreichungen f\u00fcr die Nestl\u00e9-Standorte in Deutschland bedeuten, sei noch nicht klar, sagte ein Nestl\u00e9-Sprecher. &#8222;Wir sind zum jetzigen Zeitpunkt nicht in der Lage, konkrete Zahlen f\u00fcr einzelne M\u00e4rkte zu nennen.&#8220; Nach Angaben des Unternehmens sollen 12.000 B\u00fcrojobs sowie 4.000 Jobs in der Produktion und in der Zulieferung wegfallen. In Deutschland gibt es rund zw\u00f6lf Standorte, an denen etwa 6.700 Menschen f\u00fcr Nestl\u00e9 arbeiten. Weltweit hat der Konzern rund 277.000 Mitarbeiter.\n<\/p>\n<p>Lebensmittelindustrie<\/p>\n<p>                <a href=\"https:\/\/www.zeit.de\/2025\/41\/nestle-philipp-navratil-konzern-krise-lebensmittelbranche\" data-ct-label=\"Nestl\u00e9: Inflation, die falschen Produkte \u2013 und eine verh\u00e4ngnisvolle Aff\u00e4re\" target=\"_blank\" rel=\"noopener\"><\/p>\n<p>        Z+ (abopflichtiger Inhalt);<\/p>\n<p>    Nestl\u00e9:<br \/>\n                        Inflation, die falschen Produkte \u2013 und eine verh\u00e4ngnisvolle Aff\u00e4re<\/p>\n<p>                <\/a><\/p>\n<p>                <a href=\"https:\/\/www.zeit.de\/wirtschaft\/2024-04\/luxus-wasser-frankreich-vittel-perrier-contrex\" data-ct-label=\"Luxuswasser aus Frankreich: Sauber sind nur die Gewinne \" target=\"_blank\" rel=\"noopener\"><\/p>\n<p>        Z+ (abopflichtiger Inhalt);<\/p>\n<p>    Luxuswasser aus Frankreich:<br \/>\n                        Sauber sind nur die Gewinne <\/p>\n<p>                <\/a><\/p>\n<p>                <a href=\"https:\/\/www.zeit.de\/wirtschaft\/2021-10\/lidl-nestle-vittel-plastikflaschen-plastikmuell-umweltschutz-einzelhandel\" data-ct-label=\"Plastikflaschen: Lieber kein Wasser von Vittel mehr\" target=\"_blank\" rel=\"noopener\"><\/p>\n<p>        Z+ (abopflichtiger Inhalt);<\/p>\n<p>    Plastikflaschen:<br \/>\n                        Lieber kein Wasser von Vittel mehr<\/p>\n<p>                <\/a><\/p>\n","protected":false},"excerpt":{"rendered":"Der Schweizer Lebensmittelkonzern Nestl\u00e9 hat den Abbau von weltweit 16.000 Stellen in den kommenden zwei Jahren angek\u00fcndigt. &#8222;Die&hellip;\n","protected":false},"author":2,"featured_media":503431,"comment_status":"","ping_status":"","sticky":false,"template":"","format":"standard","meta":{"footnotes":""},"categories":[134],"tags":[17401,175,170,169,29,30,88859,702,26916,171,174,46341,19726,173,172,55],"class_list":{"0":"post-503430","1":"post","2":"type-post","3":"status-publish","4":"format-standard","5":"has-post-thumbnail","7":"category-unternehmen-maerkte","8":"tag-arbeitsplatz","9":"tag-business","10":"tag-companies","11":"tag-companies-markets","12":"tag-deutschland","13":"tag-germany","14":"tag-grossunternehmen","15":"tag-lebensmittel","16":"tag-lebensmittelindustrie","17":"tag-markets","18":"tag-maerkte","19":"tag-nestle","20":"tag-stellenabbau","21":"tag-unternehmen","22":"tag-unternehmen-maerkte","23":"tag-wirtschaft"},"share_on_mastodon":{"url":"https:\/\/pubeurope.com\/@de\/115384422994825939","error":""},"_links":{"self":[{"href":"https:\/\/www.europesays.com\/de\/wp-json\/wp\/v2\/posts\/503430","targetHints":{"allow":["GET"]}}],"collection":[{"href":"https:\/\/www.europesays.com\/de\/wp-json\/wp\/v2\/posts"}],"about":[{"href":"https:\/\/www.europesays.com\/de\/wp-json\/wp\/v2\/types\/post"}],"author":[{"embeddable":true,"href":"https:\/\/www.europesays.com\/de\/wp-json\/wp\/v2\/users\/2"}],"replies":[{"embeddable":true,"href":"https:\/\/www.europesays.com\/de\/wp-json\/wp\/v2\/comments?post=503430"}],"version-history":[{"count":0,"href":"https:\/\/www.europesays.com\/de\/wp-json\/wp\/v2\/posts\/503430\/revisions"}],"wp:featuredmedia":[{"embeddable":true,"href":"https:\/\/www.europesays.com\/de\/wp-json\/wp\/v2\/media\/503431"}],"wp:attachment":[{"href":"https:\/\/www.europesays.com\/de\/wp-json\/wp\/v2\/media?parent=503430"}],"wp:term":[{"taxonomy":"category","embeddable":true,"href":"https:\/\/www.europesays.com\/de\/wp-json\/wp\/v2\/categories?post=503430"},{"taxonomy":"post_tag","embeddable":true,"href":"https:\/\/www.europesays.com\/de\/wp-json\/wp\/v2\/tags?post=503430"}],"curies":[{"name":"wp","href":"https:\/\/api.w.org\/{rel}","templated":true}]}}