{"id":503434,"date":"2025-10-16T14:56:13","date_gmt":"2025-10-16T14:56:13","guid":{"rendered":"https:\/\/www.europesays.com\/de\/503434\/"},"modified":"2025-10-16T14:56:13","modified_gmt":"2025-10-16T14:56:13","slug":"messerattacke-am-hamburger-hauptbahnhof-frau-soll-in-psychiatrie","status":"publish","type":"post","link":"https:\/\/www.europesays.com\/de\/503434\/","title":{"rendered":"Messerattacke am Hamburger Hauptbahnhof: Frau soll in Psychiatrie"},"content":{"rendered":"<p>        <img decoding=\"async\" src=\"https:\/\/www.europesays.com\/de\/wp-content\/uploads\/2025\/10\/messerattacke516.webp\" alt=\"Mehrere Polizisten stehen vor dem Hauptbahnhof.\" title=\"Mehrere Polizisten stehen vor dem Hauptbahnhof. | NDR\" class=\"responsive\"\/><\/p>\n<p>AUDIO: Messerangriff am Hauptbahnhof: Frau soll in Psychiatrie (0 Min)<\/p>\n<p>\n            Stand: 16.10.2025 16:12 Uhr<\/p>\n<p class=\"preface\">Nach dem Messerangriff im Mai mit zahlreichen Verletzten am Hamburger Hauptbahnhof hat die Staatsanwaltschaft gegen die mutma\u00dfliche T\u00e4terin ein Sicherungsverfahren beantragt. Ziel sei es, die 39-J\u00e4hrige in einem psychiatrischen Krankenhaus unterzubringen.<\/p>\n<p class=\"\">&#8222;Die Staatsanwaltschaft geht davon aus, dass s\u00e4mtliche Taten im Zustand der Schuldunf\u00e4higkeit begangen worden sind&#8220;, sagte eine Sprecherin der Staatsanwaltschaft am Donnerstag dem NDR. &#8222;Es gibt konkrete Anhaltspunkte daf\u00fcr, dass die Angeklagte psychisch erkrankt ist und an einer paranoiden Schizophrenie leidet.&#8220; In diesem Fall werde dann beantragt, das Sicherungsverfahren vor dem Landgericht durchzuf\u00fchren. &#8222;Am Ende eines solchen Sicherungsverfahrens wird nicht die Schuld festgestellt, sondern beantragt, dass die Beschuldigte in einem psychiatrischen Krankenhaus untergebracht wird, wenn sich die Taten nachweisen lassen.&#8220; Wann \u00fcber den Antrag entschieden wird, ist noch unklar.<\/p>\n<p>    Mit Gem\u00fcsemesser auf Reisende eingestochen<\/p>\n<p class=\"\">Den Ermittlungen zufolge soll die 39-J\u00e4hrige am 23. Mai im Bereich der Fernbahngleise 13 und 14 <a href=\"https:\/\/www.ndr.de\/nachrichten\/hamburg\/Messerattacke-am-Hamburger-Hauptbahnhof-Frau-verletzt-18-Menschen,hauptbahnhof758.html\" title=\"Messerattacke am Hamburger Hauptbahnhof: Frau verletzt 18 Menschen\" rel=\"nofollow noopener\" target=\"_blank\">mit einem Gem\u00fcsemesser wahllos auf Reisende und Passanten eingestochen haben<\/a>, um diese zu t\u00f6ten. Sie habe sich dabei im &#8222;Zustand der Schuldunf\u00e4higkeit&#8220; befunden.<\/p>\n<p>    Vorwurf: Versuchter Totschlag in 21 F\u00e4llen<\/p>\n<p class=\"\">Insgesamt wirft die Staatsanwaltschaft der Frau in ihrer Antragsschrift vom 2. Oktober unter anderem versuchten Totschlag in 21 F\u00e4llen vor, davon in 15 F\u00e4llen in Tateinheit mit gef\u00e4hrlicher K\u00f6rperverletzung. W\u00e4hrend sechs Personen den Stichen ausweichen konnten, erlitten laut Staatsanwaltschaft 15 Gesch\u00e4digte zum Teil erhebliche Schnitt- oder Stichverletzungen.<\/p>\n<p>    Frau soll auch ihren Vater angegriffen haben<\/p>\n<p class=\"\">Dar\u00fcber hinaus soll die 39-J\u00e4hrige bereits im Januar in Schleswig-Holstein versucht haben, ihren damals 69 Jahre alten Vater mit einer Schere zu t\u00f6ten. Sie scheiterte jedoch, weil ihre 71 Jahre alte Mutter ihr die Schere abgenommen habe. Bereits damals ergaben sich nach Angaben der L\u00fcbecker Staatsanwaltschaft Anhaltspunkte f\u00fcr eine psychische Erkrankung der Frau. Das Amtsgericht L\u00fcbeck lehnte jedoch eine Unterbringung ab, eine Beschwerde gegen den Beschluss wurde vom Landgericht L\u00fcbeck verworfen.<\/p>\n<p>    Offenbar auch Kind und Mitpatientin attackiert<\/p>\n<p class=\"\">Im Februar soll die Frau dann auf einem Spielplatz am Hamburger Flughafen gegen\u00fcber einem Kind gewaltt\u00e4tig geworden sein und nach einer Einweisung in eine psychiatrische Klinik auf eine Mitpatientin losgegangen sein. Nach ihrer Entlassung sei sie dann Ende Mai erneut f\u00fcr drei Wochen eingewiesen worden, hatte ein Sprecher des nieders\u00e4chsischen Gesundheitsministeriums erkl\u00e4rt.<\/p>\n<p>    Einen Tag vor dem Angriff aus Psychiatrie entlassen<\/p>\n<p class=\"\">Am Tag vor dem Messerangriff im Hamburger Hauptbahnhof war die 39-J\u00e4hrige aus der Psychiatrie im Landkreis Cuxhaven entlassen worden. Nach Auskunft der Klinik gab es zu jenem Zeitpunkt keinen medizinischen Befund, der eine weitere Unterbringung gerechtfertigt h\u00e4tte.<\/p>\n<p>        <img decoding=\"async\" src=\"https:\/\/www.europesays.com\/de\/wp-content\/uploads\/2025\/10\/screenshot1942214.webp\" alt=\"Zwei Polizeifahrzeuge fahren auf ein Grundst\u00fcck.\" title=\"Zwei Polizeifahrzeuge fahren auf ein Grundst\u00fcck. | Screenshot\" class=\"responsive\" loading=\"lazy\"\/><\/p>\n<p>Die 39-J\u00e4hrige wurde am Montag in eine psychiatrische Klinik \u00fcberf\u00fchrt. 13 Verletzte konnten inzwischen das Krankenhaus verlassen.<\/p>\n<p>        <img decoding=\"async\" src=\"https:\/\/www.europesays.com\/de\/wp-content\/uploads\/2025\/10\/messerattacke532.webp\" alt=\"Bei einem Messerangriff im Hamburger Hauptbahnhof sind mehrere Menschen schwer verletzt worden.\" title=\"Bei einem Messerangriff im Hamburger Hauptbahnhof sind mehrere Menschen schwer verletzt worden. | picture alliance\/dpa | Steven Hutchings, Steven Hutchings\" class=\"responsive\" loading=\"lazy\"\/><\/p>\n<p>Gro\u00dfeinsatz von Polizei und Rettungskr\u00e4ften im Hauptbahnhof: Mehrere Menschen schweben nach einem Messerangriff in Lebensgefahr, eine 39-J\u00e4hrige wurde festgenommen.<\/p>\n","protected":false},"excerpt":{"rendered":"AUDIO: Messerangriff am Hauptbahnhof: Frau soll in Psychiatrie (0 Min) Stand: 16.10.2025 16:12 Uhr Nach dem Messerangriff im&hellip;\n","protected":false},"author":2,"featured_media":503435,"comment_status":"","ping_status":"","sticky":false,"template":"","format":"standard","meta":{"footnotes":""},"categories":[2],"tags":[1739,29,985,30,692,3601,13,1981,49970,14,15,121,11202,21884,12,10,8,9,11,3258],"class_list":{"0":"post-503434","1":"post","2":"type-post","3":"status-publish","4":"format-standard","5":"has-post-thumbnail","7":"category-deutschland","8":"tag-bahn","9":"tag-deutschland","10":"tag-feuerwehr","11":"tag-germany","12":"tag-hamburg","13":"tag-hauptbahnhof","14":"tag-headlines","15":"tag-messer","16":"tag-messeratacke","17":"tag-nachrichten","18":"tag-news","19":"tag-polizei","20":"tag-psychiatrie","21":"tag-rettungskraefte","22":"tag-schlagzeilen","23":"tag-top-news","24":"tag-top-meldungen","25":"tag-topmeldungen","26":"tag-topnews","27":"tag-verletzte"},"share_on_mastodon":{"url":"https:\/\/pubeurope.com\/@de\/115384430696397939","error":""},"_links":{"self":[{"href":"https:\/\/www.europesays.com\/de\/wp-json\/wp\/v2\/posts\/503434","targetHints":{"allow":["GET"]}}],"collection":[{"href":"https:\/\/www.europesays.com\/de\/wp-json\/wp\/v2\/posts"}],"about":[{"href":"https:\/\/www.europesays.com\/de\/wp-json\/wp\/v2\/types\/post"}],"author":[{"embeddable":true,"href":"https:\/\/www.europesays.com\/de\/wp-json\/wp\/v2\/users\/2"}],"replies":[{"embeddable":true,"href":"https:\/\/www.europesays.com\/de\/wp-json\/wp\/v2\/comments?post=503434"}],"version-history":[{"count":0,"href":"https:\/\/www.europesays.com\/de\/wp-json\/wp\/v2\/posts\/503434\/revisions"}],"wp:featuredmedia":[{"embeddable":true,"href":"https:\/\/www.europesays.com\/de\/wp-json\/wp\/v2\/media\/503435"}],"wp:attachment":[{"href":"https:\/\/www.europesays.com\/de\/wp-json\/wp\/v2\/media?parent=503434"}],"wp:term":[{"taxonomy":"category","embeddable":true,"href":"https:\/\/www.europesays.com\/de\/wp-json\/wp\/v2\/categories?post=503434"},{"taxonomy":"post_tag","embeddable":true,"href":"https:\/\/www.europesays.com\/de\/wp-json\/wp\/v2\/tags?post=503434"}],"curies":[{"name":"wp","href":"https:\/\/api.w.org\/{rel}","templated":true}]}}