{"id":503448,"date":"2025-10-16T15:03:10","date_gmt":"2025-10-16T15:03:10","guid":{"rendered":"https:\/\/www.europesays.com\/de\/503448\/"},"modified":"2025-10-16T15:03:10","modified_gmt":"2025-10-16T15:03:10","slug":"urteil-nach-kopfschuss-am-erkelenzer-bahnhof","status":"publish","type":"post","link":"https:\/\/www.europesays.com\/de\/503448\/","title":{"rendered":"Urteil nach Kopfschuss am Erkelenzer Bahnhof"},"content":{"rendered":"<p class=\"text_ohne_einzug richtext text-em-55 !leading-serif mx-6 desktop:mx-0\">Es war ein Urteil, das Stille hinterlie\u00df \u2013 jene Art von Stille, die nach schweren Worten bleibt. Am f\u00fcnften Verhandlungstag zog der Vorsitzende Richter Martin Alberring im Landgericht <a href=\"https:\/\/rp-online.de\/thema\/moenchengladbach\/\" rel=\"nofollow noopener\" target=\"_blank\">M\u00f6nchengladbach<\/a> die Linie unter einen Fall, der seit Monaten die Menschen bewegt: den Schuss in den Kopf eines Mannes am Bahnhof in Erkelenz. Neun Jahre und drei Monate Haft wegen versuchten Mordes und vors\u00e4tzlicher K\u00f6rperverletzung lautete das Urteil gegen den 44-j\u00e4hrigen Thomas W. Das Verfahren gegen seine Mitangeklagte, die 39-j\u00e4hrige Sabine H. wurde eingestellt.<\/p>\n","protected":false},"excerpt":{"rendered":"Es war ein Urteil, das Stille hinterlie\u00df \u2013 jene Art von Stille, die nach schweren Worten bleibt. Am&hellip;\n","protected":false},"author":2,"featured_media":503449,"comment_status":"","ping_status":"","sticky":false,"template":"","format":"standard","meta":{"footnotes":"","_share_on_mastodon":"0"},"categories":[1849],"tags":[125863,3364,29,19203,548,663,3934,2690,125864,30,13,10914,4933,4455,14,15,1209,1998,16988,12,42781,3247,1243,65839,5778],"class_list":["post-503448","post","type-post","status-publish","format-standard","has-post-thumbnail","category-moenchengladbach","tag-alberring","tag-de","tag-deutschland","tag-erkelenz","tag-eu","tag-europa","tag-europe","tag-gericht","tag-gerichtet","tag-germany","tag-headlines","tag-kopf","tag-landgericht","tag-moenchengladbach","tag-nachrichten","tag-news","tag-nordrhein-westfalen","tag-richter","tag-sabine","tag-schlagzeilen","tag-stille","tag-thomas","tag-urteil","tag-urteilsbegruendung","tag-urteilsverkuendung"],"share_on_mastodon":{"url":"https:\/\/pubeurope.com\/@de\/115384457896739685","error":""},"_links":{"self":[{"href":"https:\/\/www.europesays.com\/de\/wp-json\/wp\/v2\/posts\/503448","targetHints":{"allow":["GET"]}}],"collection":[{"href":"https:\/\/www.europesays.com\/de\/wp-json\/wp\/v2\/posts"}],"about":[{"href":"https:\/\/www.europesays.com\/de\/wp-json\/wp\/v2\/types\/post"}],"author":[{"embeddable":true,"href":"https:\/\/www.europesays.com\/de\/wp-json\/wp\/v2\/users\/2"}],"replies":[{"embeddable":true,"href":"https:\/\/www.europesays.com\/de\/wp-json\/wp\/v2\/comments?post=503448"}],"version-history":[{"count":0,"href":"https:\/\/www.europesays.com\/de\/wp-json\/wp\/v2\/posts\/503448\/revisions"}],"wp:featuredmedia":[{"embeddable":true,"href":"https:\/\/www.europesays.com\/de\/wp-json\/wp\/v2\/media\/503449"}],"wp:attachment":[{"href":"https:\/\/www.europesays.com\/de\/wp-json\/wp\/v2\/media?parent=503448"}],"wp:term":[{"taxonomy":"category","embeddable":true,"href":"https:\/\/www.europesays.com\/de\/wp-json\/wp\/v2\/categories?post=503448"},{"taxonomy":"post_tag","embeddable":true,"href":"https:\/\/www.europesays.com\/de\/wp-json\/wp\/v2\/tags?post=503448"}],"curies":[{"name":"wp","href":"https:\/\/api.w.org\/{rel}","templated":true}]}}