{"id":503450,"date":"2025-10-16T15:04:13","date_gmt":"2025-10-16T15:04:13","guid":{"rendered":"https:\/\/www.europesays.com\/de\/503450\/"},"modified":"2025-10-16T15:04:13","modified_gmt":"2025-10-16T15:04:13","slug":"gelsenkirchen-gruenes-licht-fuer-sanierung-der-markthalle-in-buer","status":"publish","type":"post","link":"https:\/\/www.europesays.com\/de\/503450\/","title":{"rendered":"Gelsenkirchen: Gr\u00fcnes Licht f\u00fcr Sanierung der Markthalle in Buer"},"content":{"rendered":"<p class=\"small date article__date\">Ver\u00f6ffentlicht:\u00a0Donnerstag, 16.10.2025 16:01<\/p>\n<p>In Gelsenkirchen-Buer kann es jetzt richtig losgehen: Die neuen Eigent\u00fcmer der Markthalle haben gr\u00fcnes Licht f\u00fcr die Sanierung bekommen. Die Stadt hat ihr Vorkaufsrecht nicht gezogen und sich heute Morgen mit den Investoren auf eine Abwendungsvereinbarung geeinigt.<\/p>\n<p><img decoding=\"async\" alt=\"\" src=\"https:\/\/www.europesays.com\/de\/wp-content\/uploads\/2025\/10\/img_00291.jpg&#038;crop=0x504x4032x2520&#038;resize=1280x800&#038;dt=202005041646040.jpeg\" data-size=\"1280x800\"\/>\u00a9 Radio Emscher Lippe \/ Nadine Bonengel<\/p>\n<ul>\n<li><strong>Vereinbarung regelt Konzept und Fristen<\/strong><\/li>\n<li><strong>Die Stadt unterst\u00fctzt das Projekt weiterhin<\/strong><\/li>\n<\/ul>\n<p>F\u00fcr das Projekt der Markthalle hei\u00dft das konkret: Die Firma Somplatzki Immobilien GmbH kann jetzt mit der Sanierung starten, und das soll jetzt sogar z\u00fcgig passieren. 2026 k\u00f6nnten bereits die ersten Gesch\u00e4fte \u00f6ffnen. Als einen m\u00f6glichen Mieter hat uns die Firma das Lebensmittel-Unternehmen Edeka genannt. In der Vereinbarung zwischen den neuen Eigent\u00fcmern und der Stadt sind das Konzept mit Einzelhandel und Gastronomie, aber vor allem auch Fristen geregelt. Zum Beispiel, wann die Eintragung in das Grundbuch erfolgen muss oder, wann der Bau sp\u00e4testens abgeschlossen sein soll. Dadurch sichert sich die Stadt ab, dass das Projekt auch wirklich umgesetzt wird. F\u00fcr den weiteren Verlauf bleibt sie auch als Partner mit im Boot. Vor allem, wenn es um Baugenehmigungen oder F\u00f6rdermittel geht.\u00a0Letztere k\u00f6nnten dann von Bund und Land kommen. Kommunale F\u00f6rdermittel sind keine Option, da diese nicht f\u00fcr Privatfirmen aufgewendet werden d\u00fcrfen.<\/p>\n","protected":false},"excerpt":{"rendered":"Ver\u00f6ffentlicht:\u00a0Donnerstag, 16.10.2025 16:01 In Gelsenkirchen-Buer kann es jetzt richtig losgehen: Die neuen Eigent\u00fcmer der Markthalle haben gr\u00fcnes Licht&hellip;\n","protected":false},"author":2,"featured_media":503451,"comment_status":"","ping_status":"","sticky":false,"template":"","format":"standard","meta":{"footnotes":""},"categories":[1848],"tags":[3364,29,1072,548,663,3934,6763,3658,44197,30,13,42768,14,15,1209,4108,12],"class_list":{"0":"post-503450","1":"post","2":"type-post","3":"status-publish","4":"format-standard","5":"has-post-thumbnail","7":"category-gelsenkirchen","8":"tag-de","9":"tag-deutschland","10":"tag-einzelhandel","11":"tag-eu","12":"tag-europa","13":"tag-europe","14":"tag-gastronomie","15":"tag-gelsenkirchen","16":"tag-gelsenkirchen-buer","17":"tag-germany","18":"tag-headlines","19":"tag-markthalle","20":"tag-nachrichten","21":"tag-news","22":"tag-nordrhein-westfalen","23":"tag-sanierung","24":"tag-schlagzeilen"},"share_on_mastodon":{"url":"https:\/\/pubeurope.com\/@de\/115384462501435274","error":""},"_links":{"self":[{"href":"https:\/\/www.europesays.com\/de\/wp-json\/wp\/v2\/posts\/503450","targetHints":{"allow":["GET"]}}],"collection":[{"href":"https:\/\/www.europesays.com\/de\/wp-json\/wp\/v2\/posts"}],"about":[{"href":"https:\/\/www.europesays.com\/de\/wp-json\/wp\/v2\/types\/post"}],"author":[{"embeddable":true,"href":"https:\/\/www.europesays.com\/de\/wp-json\/wp\/v2\/users\/2"}],"replies":[{"embeddable":true,"href":"https:\/\/www.europesays.com\/de\/wp-json\/wp\/v2\/comments?post=503450"}],"version-history":[{"count":0,"href":"https:\/\/www.europesays.com\/de\/wp-json\/wp\/v2\/posts\/503450\/revisions"}],"wp:featuredmedia":[{"embeddable":true,"href":"https:\/\/www.europesays.com\/de\/wp-json\/wp\/v2\/media\/503451"}],"wp:attachment":[{"href":"https:\/\/www.europesays.com\/de\/wp-json\/wp\/v2\/media?parent=503450"}],"wp:term":[{"taxonomy":"category","embeddable":true,"href":"https:\/\/www.europesays.com\/de\/wp-json\/wp\/v2\/categories?post=503450"},{"taxonomy":"post_tag","embeddable":true,"href":"https:\/\/www.europesays.com\/de\/wp-json\/wp\/v2\/tags?post=503450"}],"curies":[{"name":"wp","href":"https:\/\/api.w.org\/{rel}","templated":true}]}}