{"id":503461,"date":"2025-10-16T15:10:12","date_gmt":"2025-10-16T15:10:12","guid":{"rendered":"https:\/\/www.europesays.com\/de\/503461\/"},"modified":"2025-10-16T15:10:12","modified_gmt":"2025-10-16T15:10:12","slug":"bunte-lichter-grosse-gefuehle-herbstsend-2025","status":"publish","type":"post","link":"https:\/\/www.europesays.com\/de\/503461\/","title":{"rendered":"Bunte Lichter, gro\u00dfe Gef\u00fchle: Herbstsend 2025"},"content":{"rendered":"<p>\t\t<a href=\"https:\/\/www.allesmuenster.de\/cms\/wp-content\/uploads\/Archivbild-Send-2025_cm-43.jpg\" target=\"_blank\" rel=\"noopener\"><img loading=\"lazy\" decoding=\"async\" class=\"wp-image-127116 size-medium\" src=\"data:image\/svg+xml,%3Csvg%20xmlns=\" http:=\"\" alt=\"Am 25. Oktober \u00f6ffnet der Herbstsend. (Foto: Christian Menz)\" width=\"300\" height=\"200\" data-lazy- data-lazy- data-lazy-src=\"https:\/\/www.europesays.com\/de\/wp-content\/uploads\/2025\/10\/Archivbild-Send-2025_cm-43-300x200.jpg\"\/><\/a>Am 25. Oktober \u00f6ffnet der Herbstsend. (Foto: Christian Menz)<\/p>\n<p><strong>Vom 25. Oktober bis 2. November 2025 verwandelt sich der Schlossplatz in M\u00fcnster wieder in ein farbenfrohes Kirmesparadies. Der Herbstsend l\u00e4dt Jung und Alt zum letzten gro\u00dfen Volksfest des Jahres ein \u2013 mit Fahrspa\u00df, Lichtern, D\u00fcften und echten Send-Traditionen. Wir verlosen wieder Bummelp\u00e4sse!<\/strong><\/p>\n<p>Der rund 32.000 Quadratmeter gro\u00dfe Festplatz liegt direkt an der Promenade vor der malerischen Kulisse des M\u00fcnsteraner Schlosses. Rund 200 Schaustellerbetriebe aus ganz Deutschland pr\u00e4sentieren ein abwechslungsreiches Angebot: moderne High-Tech-Fahrgesch\u00e4fte f\u00fcr Adrenalinfans, nostalgische Klassiker wie Riesenrad, Autoscooter, Wellenflug, Musik-Express und Break Dance sowie zahlreiche Kinderkarussells, Belustigungs- und Gastronomiebetriebe.<\/p>\n<p>Aktionen und besondere Sendtage<\/p>\n<ul>\n<li>Der Herbstsend startet am Samstag, 25. Oktober, begleitet von einem spektakul\u00e4ren Feuerwerk am Freitag, 31. Oktober, ab 21 Uhr.<\/li>\n<li>Am Montag, 27. Oktober, ist Twin-Day: Besitzer:innen der Stadtwerke-Momente-Card erhalten beim Kauf eines Tickets das zweite gratis dazu.<\/li>\n<li>Am Mittwoch, 29. Oktober, findet die beliebte Studi-Night von 19 bis 23 Uhr statt \u2013 Studierende fahren doppelt und shoppen mit 20 Prozent Rabatt.<\/li>\n<li>Donnerstag, 30. Oktober, ist traditionell Familientag mit 30 Prozent Erm\u00e4\u00dfigung auf allen Fahrgesch\u00e4ften und mindestens 25 Prozent Rabatt auf einen Hauptartikel in den Verkaufsgesch\u00e4ften.<\/li>\n<li>Die Sonntage, 26. Oktober und 2. November, starten jeweils um 11 Uhr mit einem gem\u00fctlichen Fr\u00fchschoppen.<\/li>\n<\/ul>\n<p>\u00d6ffnungszeiten im \u00dcberblick<\/p>\n<ul>\n<li style=\"list-style-type: none;\">\n<ul>\n<li>Samstag, 25. Oktober: 14\u201324 Uhr<\/li>\n<li>Sonntag, 26. Oktober: 11\u201323 Uhr<\/li>\n<li>Montag bis Donnerstag, 27.\u201330. Oktober: 14\u201323 Uhr<\/li>\n<li>Freitag, 31. Oktober: 14\u201324 Uhr<\/li>\n<li>Samstag, 1. November (Allerheiligen): 18\u201324 Uhr<\/li>\n<li>Sonntag, 2. November: 11\u201322 Uhr<\/li>\n<\/ul>\n<\/li>\n<\/ul>\n<p>Ausschank- und Imbissbetriebe d\u00fcrfen \u2013 au\u00dfer an Allerheiligen \u2013 bereits ab 12 Uhr, am Sonntag ab 11 Uhr \u00f6ffnen.<\/p>\n<p>Gewinnspiel<\/p>\n<p>Wir verlosen 20 Bummelp\u00e4sse. Wer gewinnen m\u00f6chte, f\u00fcllt einfach unser Gewinnspielformular aus und hofft darauf, dass er aus der Lostrommel gezogen wird. Bitte tragt das <strong>Stichwort \u201eYEAH!SEND!\u201c\u201c<\/strong>\u00a0ein. Es gelten\u00a0unsere <a href=\"https:\/\/www.allesmuenster.de\/cms\/rechtliches-fuer-gewinnspiele\/\" target=\"_blank\" rel=\"noopener\">Teilnahmebedingungen<\/a>. Das Gewinnspiel beginnt sofort und endet am <strong>19.10.25 um 17:00 Uhr<\/strong>. Viel Gl\u00fcck!<\/p>\n","protected":false},"excerpt":{"rendered":"Am 25. Oktober \u00f6ffnet der Herbstsend. (Foto: Christian Menz) Vom 25. Oktober bis 2. November 2025 verwandelt sich&hellip;\n","protected":false},"author":2,"featured_media":503462,"comment_status":"","ping_status":"","sticky":false,"template":"","format":"standard","meta":{"footnotes":""},"categories":[1843],"tags":[33681,3364,29,30,851,7822,2508,8970,125865,1209,7023,76482],"class_list":{"0":"post-503461","1":"post","2":"type-post","3":"status-publish","4":"format-standard","5":"has-post-thumbnail","7":"category-muenster","8":"tag-autoscooter","9":"tag-de","10":"tag-deutschland","11":"tag-germany","12":"tag-herbst","13":"tag-karussell","14":"tag-kirmes","15":"tag-muenster","16":"tag-muenster-karussell","17":"tag-nordrhein-westfalen","18":"tag-riesenrad","19":"tag-send"},"share_on_mastodon":{"url":"https:\/\/pubeurope.com\/@de\/115384485543053681","error":""},"_links":{"self":[{"href":"https:\/\/www.europesays.com\/de\/wp-json\/wp\/v2\/posts\/503461","targetHints":{"allow":["GET"]}}],"collection":[{"href":"https:\/\/www.europesays.com\/de\/wp-json\/wp\/v2\/posts"}],"about":[{"href":"https:\/\/www.europesays.com\/de\/wp-json\/wp\/v2\/types\/post"}],"author":[{"embeddable":true,"href":"https:\/\/www.europesays.com\/de\/wp-json\/wp\/v2\/users\/2"}],"replies":[{"embeddable":true,"href":"https:\/\/www.europesays.com\/de\/wp-json\/wp\/v2\/comments?post=503461"}],"version-history":[{"count":0,"href":"https:\/\/www.europesays.com\/de\/wp-json\/wp\/v2\/posts\/503461\/revisions"}],"wp:featuredmedia":[{"embeddable":true,"href":"https:\/\/www.europesays.com\/de\/wp-json\/wp\/v2\/media\/503462"}],"wp:attachment":[{"href":"https:\/\/www.europesays.com\/de\/wp-json\/wp\/v2\/media?parent=503461"}],"wp:term":[{"taxonomy":"category","embeddable":true,"href":"https:\/\/www.europesays.com\/de\/wp-json\/wp\/v2\/categories?post=503461"},{"taxonomy":"post_tag","embeddable":true,"href":"https:\/\/www.europesays.com\/de\/wp-json\/wp\/v2\/tags?post=503461"}],"curies":[{"name":"wp","href":"https:\/\/api.w.org\/{rel}","templated":true}]}}