{"id":503463,"date":"2025-10-16T15:11:12","date_gmt":"2025-10-16T15:11:12","guid":{"rendered":"https:\/\/www.europesays.com\/de\/503463\/"},"modified":"2025-10-16T15:11:12","modified_gmt":"2025-10-16T15:11:12","slug":"pol-ms-11-jaehrige-radfahrerin-bei-ueberholmanoever-gestuerzt-polizei-sucht","status":"publish","type":"post","link":"https:\/\/www.europesays.com\/de\/503463\/","title":{"rendered":"POL-MS: 11- j\u00e4hrige Radfahrerin bei \u00dcberholman\u00f6ver gest\u00fcrzt &#8211; Polizei sucht &#8230;"},"content":{"rendered":"<p class=\"date\">16.10.2025 \u2013 14:09<\/p>\n<p class=\"customer\">\n                        <a class=\"story-customer\" title=\"weiter zum newsroom von Polizei M\u00fcnster\" href=\"https:\/\/www.presseportal.de\/blaulicht\/nr\/11187\" rel=\"nofollow noopener\" target=\"_blank\">Polizei M\u00fcnster<\/a>\n                    <\/p>\n<p><a data-category=\"citylink-story-view\" data-action=\"click\" data-label=\"Citylink in Meldungsansicht\" class=\"story-city event-trigger\" href=\"https:\/\/www.presseportal.de\/regional\/M%FCnster\" title=\"News aus M\u00fcnster \" rel=\"nofollow noopener\" target=\"_blank\">M\u00fcnster<\/a> (ots)<\/p>\n<p>Am Dienstagnachmittag (14.10.2025, 17:00 Uhr) ist es auf der Stra\u00dfe L\u00fctke Ladbergen (zwischen Kinderhaus und H\u00e4ger) in Fahrtrichtung H\u00e4ger zu einem Verkehrsunfall gekommen, bei dem eine 11-j\u00e4hrige Radfahrerin st\u00fcrzte und leicht verletzt wurde.<\/p>\n<p>Nach bisherigen Erkenntnissen waren die 11-J\u00e4hrige und ihre 15-j\u00e4hrige Schwester gemeinsam auf ihren Fahrr\u00e4dern unterwegs. In einer nicht einsehbaren Kurve sollen die M\u00e4dchen von einem Auto ohne ausreichenden Seitenabstand \u00fcberholt worden sein. Die 11-J\u00e4hrige erschrak daraufhin, wich nach rechts aus und st\u00fcrzte. Sie verletzte sich dabei leicht. Der unbekannte Pkw-Fahrer setzte seinen Weg fort, ohne sich um die Angelegenheit zu k\u00fcmmern.<\/p>\n<p>Nach Angaben der M\u00e4dchen soll es sich bei dem fl\u00fcchtigen Fahrzeug um einen \u00e4lteren Kleinwagen, vermutlich einen VW Golf IV oder ein \u00e4hnliches Modell, in der Farbe mintgr\u00fcn gehandelt haben.<\/p>\n<p>Die Polizei M\u00fcnster bittet Zeugen, die Hinweise zu dem fl\u00fcchtigen Fahrzeug oder dessen Fahrer geben k\u00f6nnen, sich unter der Telefonnummer 0251 275-0 zu mel-den.<\/p>\n<p class=\"contact-headline\">Kontakt f\u00fcr Medienvertreter:<\/p>\n<p class=\"contact-text\">Polizei M\u00fcnster<br \/>Pressestelle<\/p>\n<p>Telefon: 0251\/ 275- 1010<br \/>E-Mail: <a href=\"https:\/\/www.presseportal.de\/blaulicht\/pm\/11187\/mailto: pressestelle.muenster@polizei.nrw.de\" class=\"uri-mailto\" rel=\"nofollow noopener\" target=\"_blank\"> pressestelle.muenster@polizei.nrw.de<\/a><br \/><a target=\"_blank\" class=\"uri-ext outbound\" rel=\"noopener nofollow\" href=\"https:\/\/muenster.polizei.nrw\/\">https:\/\/muenster.polizei.nrw\/<\/a><\/p>\n<p class=\"originator\">Original-Content von: Polizei M\u00fcnster, \u00fcbermittelt durch news aktuell<\/p>\n","protected":false},"excerpt":{"rendered":"16.10.2025 \u2013 14:09 Polizei M\u00fcnster M\u00fcnster (ots) Am Dienstagnachmittag (14.10.2025, 17:00 Uhr) ist es auf der Stra\u00dfe L\u00fctke&hellip;\n","protected":false},"author":2,"featured_media":386213,"comment_status":"","ping_status":"","sticky":false,"template":"","format":"standard","meta":{"footnotes":""},"categories":[1843],"tags":[3364,29,30,8970,1209,176,121,178,180,179,181],"class_list":{"0":"post-503463","1":"post","2":"type-post","3":"status-publish","4":"format-standard","5":"has-post-thumbnail","7":"category-muenster","8":"tag-de","9":"tag-deutschland","10":"tag-germany","11":"tag-muenster","12":"tag-nordrhein-westfalen","13":"tag-nrw","14":"tag-polizei","15":"tag-presse","16":"tag-pressemeldung","17":"tag-pressemitteilung","18":"tag-pressemitteilungen"},"share_on_mastodon":{"url":"https:\/\/pubeurope.com\/@de\/115384489363485801","error":""},"_links":{"self":[{"href":"https:\/\/www.europesays.com\/de\/wp-json\/wp\/v2\/posts\/503463","targetHints":{"allow":["GET"]}}],"collection":[{"href":"https:\/\/www.europesays.com\/de\/wp-json\/wp\/v2\/posts"}],"about":[{"href":"https:\/\/www.europesays.com\/de\/wp-json\/wp\/v2\/types\/post"}],"author":[{"embeddable":true,"href":"https:\/\/www.europesays.com\/de\/wp-json\/wp\/v2\/users\/2"}],"replies":[{"embeddable":true,"href":"https:\/\/www.europesays.com\/de\/wp-json\/wp\/v2\/comments?post=503463"}],"version-history":[{"count":0,"href":"https:\/\/www.europesays.com\/de\/wp-json\/wp\/v2\/posts\/503463\/revisions"}],"wp:featuredmedia":[{"embeddable":true,"href":"https:\/\/www.europesays.com\/de\/wp-json\/wp\/v2\/media\/386213"}],"wp:attachment":[{"href":"https:\/\/www.europesays.com\/de\/wp-json\/wp\/v2\/media?parent=503463"}],"wp:term":[{"taxonomy":"category","embeddable":true,"href":"https:\/\/www.europesays.com\/de\/wp-json\/wp\/v2\/categories?post=503463"},{"taxonomy":"post_tag","embeddable":true,"href":"https:\/\/www.europesays.com\/de\/wp-json\/wp\/v2\/tags?post=503463"}],"curies":[{"name":"wp","href":"https:\/\/api.w.org\/{rel}","templated":true}]}}